{"id":30072,"date":"2020-07-22T17:29:38","date_gmt":"2020-07-22T15:29:38","guid":{"rendered":"https:\/\/airicom.com\/blog\/?p=30072"},"modified":"2020-07-24T13:57:39","modified_gmt":"2020-07-24T11:57:39","slug":"trois-cas-de-mesures-de-la-consommation-electrique-avec-la-solution-eco-adapt","status":"publish","type":"post","link":"https:\/\/www.airicom.com\/blog\/applications-iot\/iot-industrie\/trois-cas-de-mesures-de-la-consommation-electrique-avec-la-solution-eco-adapt\/","title":{"rendered":"G\u00e9rer sa consommation \u00e9lectrique avec Eco-Adapt"},"content":{"rendered":"\n<p>Eco-Adapt fabrique des solutions de mesure et d&#8217;analyse des consommations \u00e9lectriques pour optimiser la consommation \u00e9nerg\u00e9tique. Eco-Adapt offre aussi une solution permettant l\u2019optimisation du maintien de de machines tournantes, souvent \u00e0 l&#8217;origine d&#8217;une part importante de la consommation d&#8217;\u00e9nergie. <\/p>\n\n\n\n<div class=\"wp-block-buttons is-layout-flex wp-block-buttons-is-layout-flex\">\n<div class=\"wp-block-button\"><a class=\"wp-block-button__link broken_link\" href=\"\/1330-eco-adapt\" target=\"_blank\" rel=\"noreferrer noopener\">En savoir plus sur le suivi des consommations \u00e9nerg\u00e9tiques Eco-Adapt<\/a><\/div>\n<\/div>\n\n\n\n<hr class=\"wp-block-separator\"\/>\n\n\n\n<h2 class=\"wp-block-heading\">Une usine de voitures<\/h2>\n\n\n\n<figure class=\"wp-block-image size-large is-resized\"><img fetchpriority=\"high\" fetchpriority=\"high\" decoding=\"async\" src=\"https:\/\/airicom.com\/blog\/wp-content\/uploads\/2020\/07\/auto-1873052_1920-1024x768.jpg\" alt=\"Sortie de l'usine Renault Dacia de Slov\u00e9nie\" class=\"wp-image-30121\" width=\"512\" height=\"384\"\/><\/figure>\n\n\n\n<p>Les factures \u00e9nerg\u00e9tiques de cette usine de voitures en Slov\u00e9nie sont r\u00e9parties selon plusieurs activit\u00e9s . La gestion de l\u2019\u00e9nergie est particuli\u00e8rement complexe pour les cabines de peinture, qui n\u00e9cessitent de nombreux \u00e9quipements et des sources d\u2019\u00e9nergie diff\u00e9rentes : de l&#8217;air comprim\u00e9, de l&#8217;air chaud pour le s\u00e9chage, et une filtration de l\u2019air \u00e0 l\u2019aide de ventilateurs pour garder une atmosph\u00e8re exempte de poussi\u00e8re. Toutes ces activit\u00e9s sont \u00e9troitement li\u00e9es et d\u00e9pendent du nombre de v\u00e9hicules trait\u00e9s..<\/p>\n\n\n\n<p>D\u00e9fis<\/p>\n\n\n\n<ul class=\"wp-block-list\"><li>Mesurer et comparer l&#8217;\u00e9nergie sous ses diff\u00e9rentes formes et unit\u00e9s<\/li><li>D\u00e9ployer un syst\u00e8me de comptage sans interrompre la production ou arr\u00eater le fonctionnement des \u00e9quipements<\/li><li>Respecter les exigences de s\u00e9curit\u00e9 importantes des outils informatiques et technologiques<\/li><\/ul>\n\n\n\n<p>Les grands axes de la solution Eco-Adapt :<\/p>\n\n\n\n<ul class=\"wp-block-list\"><li>Une solution multi-fluides : des param\u00e8tres int\u00e9gr\u00e9s pour convertir les mesures du gaz (m3) et d\u2019autres unit\u00e9s \u00e9nerg\u00e9tiques en une unique unit\u00e9 (kWh)<\/li><li>La non-intrusion : d\u00e9ploiement du mat\u00e9riel pendant le processus de production<\/li><li>Un serveur local : aucune donn\u00e9e n\u2019est envoy\u00e9e sur internet ou stock\u00e9e sur le Cloud<\/li><\/ul>\n\n\n\n<h2 class=\"wp-block-heading\">Un \u00e9tablissement de sant\u00e9<\/h2>\n\n\n\n<figure class=\"wp-block-image size-large is-resized\"><img decoding=\"async\" src=\"https:\/\/airicom.com\/blog\/wp-content\/uploads\/2020\/07\/x-ray-of-the-jaw-2416945_19201-1024x683.jpg\" alt=\"Consommation \u00e9lectrique \u00e0 l'hopital\" class=\"wp-image-30123\" width=\"512\" height=\"342\"\/><\/figure>\n\n\n\n<p>Le responsable de maintenance de l\u2019h\u00f4pital  a re\u00e7u des objectifs d\u2019\u00e9conomie d\u2019\u00e9nergie de la part de la direction g\u00e9n\u00e9rale. De multiples usages \u00e9nerg\u00e9tiques coexistent au sein de son activit\u00e9 : des usages li\u00e9s \u00e0 l\u2019\u00e9difice (\u00e9clairage, CVC), li\u00e9s au mat\u00e9riel m\u00e9dical (scanners, salles d&#8217;op\u00e9ration, ..) et \u00e0 la r\u00e9sidence (cuisine, nettoyage, ..).<\/p>\n\n\n\n<p>D\u00e9fis<\/p>\n\n\n\n<ul class=\"wp-block-list\"><li>Garder des indicateurs de performance simples et clairs dans un environnement complexe<\/li><li>S&#8217;adapter \u00e0 un budget tr\u00e8s limit\u00e9<\/li><li>Traiter avec des syst\u00e8mes de mesures existants provenant de diff\u00e9rents vendeurs<\/li><\/ul>\n\n\n\n<p>Les grands axes de la solution Eco-Adapt :<\/p>\n\n\n\n<ul class=\"wp-block-list\"><li>Une interface simple \u00e0 utiliser, facilement accessible \u00e0 tout membre de l&#8217;\u00e9quipe de maintenance<\/li><li>Un business mod\u00e8le \u00e9volutif : des co\u00fbts d\u2019entr\u00e9e faibles pour des petits plans de comptage avec la possibilit\u00e9 d\u2019\u00e9tendre l\u2019offre en fonction des besoins<\/li><li>Une flexibilit\u00e9 de la solution qui permet de r\u00e9utiliser une partie de l\u2019installation existante (y compris des anciens compteurs \u00e9lectriques analogiques)<\/li><\/ul>\n\n\n\n<h2 class=\"wp-block-heading\">Une r\u00e9sidence universitaire<\/h2>\n\n\n\n<figure class=\"wp-block-image size-large is-resized\"><img decoding=\"async\" src=\"https:\/\/airicom.com\/blog\/wp-content\/uploads\/2020\/07\/sea-container-2508028_1920-1024x576.jpg\" alt=\"R\u00e9sidence universitaire\" class=\"wp-image-30125\" width=\"512\" height=\"288\"\/><\/figure>\n\n\n\n<p>La r\u00e9sidence \u00e9tudiante est en cours de r\u00e9novation majeure. La direction souhaite en profiter pour mettre en place un programme d\u2019\u00e9conomies d\u2019\u00e9nergie dans le but de se conformer \u00e0 la r\u00e9glementation thermique en vigueur (RT 2012).<\/p>\n\n\n\n<p>D\u00e9fis<\/p>\n\n\n\n<ul class=\"wp-block-list\"><li>200 chambres qui n\u00e9cessitent un comptage individuel, ce qui implique de porter une attention particuli\u00e8re au bon suivi de la correspondance entre chaque circuit et chaque chambre<\/li><li>Contraintes de d\u00e9ploiement : un espace limit\u00e9 au sein des tableaux \u00e9lectriques et un temps de d\u00e9ploiement limit\u00e9<\/li><\/ul>\n\n\n\n<p>Les grands axes de la solution Eco-Adapt<\/p>\n\n\n\n<ul class=\"wp-block-list\"><li>Power-Elec-6 permet la supervision de 18 circuits monophas\u00e9s \u00e0 partir d&#8217;une seule centrale de mesure : gain immense d&#8217;espace et de temps d&#8217;installation<\/li><li>Une gestion de param\u00e9trage intuitive permettant une organisation et une appellation des circuits appropri\u00e9es<\/li><\/ul>\n","protected":false},"excerpt":{"rendered":"<p>D\u00e9couvrez comment la solution Eco-Adapt permet de r\u00e9aliser des \u00e9conomies d&#8217;\u00e9nergie en milieu industriel, dans un h\u00f4pital et dans un b\u00e2timent. <\/p>\n","protected":false},"author":1,"featured_media":30073,"comment_status":"open","ping_status":"open","sticky":false,"template":"","format":"standard","meta":{"_et_pb_use_builder":"off","_et_pb_old_content":"","_et_gb_content_width":"","footnotes":""},"categories":[60,64,59],"tags":[14],"class_list":["post-30072","post","type-post","status-publish","format-standard","has-post-thumbnail","hentry","category-batiment","category-iot-industrie","category-sante","tag-consommation-energetique"],"yoast_head":"<!-- This site is optimized with the Yoast SEO Premium plugin v25.7.1 (Yoast SEO v26.2) - https:\/\/yoast.com\/wordpress\/plugins\/seo\/ -->\n<title>G\u00e9rer sa consommation \u00e9lectrique avec Eco-Adapt - Airicom - Expert IoT et M2M depuis plus de 20 ans<\/title>\n<meta name=\"robots\" content=\"index, follow, max-snippet:-1, max-image-preview:large, max-video-preview:-1\" \/>\n<link rel=\"canonical\" href=\"https:\/\/www.airicom.com\/blog\/applications-iot\/iot-industrie\/trois-cas-de-mesures-de-la-consommation-electrique-avec-la-solution-eco-adapt\/\" \/>\n<meta name=\"twitter:card\" content=\"summary_large_image\" \/>\n<meta name=\"twitter:title\" content=\"G\u00e9rer sa consommation \u00e9lectrique avec Eco-Adapt - Airicom - Expert IoT et M2M depuis plus de 20 ans\" \/>\n<meta name=\"twitter:description\" content=\"D\u00e9couvrez comment la solution Eco-Adapt permet de r\u00e9aliser des \u00e9conomies d&#039;\u00e9nergie en milieu industriel, dans un h\u00f4pital et dans un b\u00e2timent.\" \/>\n<meta name=\"twitter:image\" content=\"https:\/\/www.airicom.com\/blog\/wp-content\/uploads\/2020\/07\/Power-Elec6.png\" \/>\n<meta name=\"twitter:creator\" content=\"@airicom3\" \/>\n<meta name=\"twitter:site\" content=\"@airicom3\" \/>\n<meta name=\"twitter:label1\" content=\"\u00c9crit par\" \/>\n\t<meta name=\"twitter:data1\" content=\"Bruno DUVAL\" \/>\n\t<meta name=\"twitter:label2\" content=\"Dur\u00e9e de lecture estim\u00e9e\" \/>\n\t<meta name=\"twitter:data2\" content=\"3 minutes\" \/>\n<script type=\"application\/ld+json\" class=\"yoast-schema-graph\">{\"@context\":\"https:\/\/schema.org\",\"@graph\":[{\"@type\":\"Article\",\"@id\":\"https:\/\/www.airicom.com\/blog\/applications-iot\/iot-industrie\/trois-cas-de-mesures-de-la-consommation-electrique-avec-la-solution-eco-adapt\/#article\",\"isPartOf\":{\"@id\":\"https:\/\/www.airicom.com\/blog\/applications-iot\/iot-industrie\/trois-cas-de-mesures-de-la-consommation-electrique-avec-la-solution-eco-adapt\/\"},\"author\":{\"name\":\"Bruno DUVAL\",\"@id\":\"https:\/\/www.airicom.com\/blog\/#\/schema\/person\/3d7224647f371f8c62fccebc689bffcb\"},\"headline\":\"G\u00e9rer sa consommation \u00e9lectrique avec Eco-Adapt\",\"datePublished\":\"2020-07-22T15:29:38+00:00\",\"dateModified\":\"2020-07-24T11:57:39+00:00\",\"mainEntityOfPage\":{\"@id\":\"https:\/\/www.airicom.com\/blog\/applications-iot\/iot-industrie\/trois-cas-de-mesures-de-la-consommation-electrique-avec-la-solution-eco-adapt\/\"},\"wordCount\":583,\"commentCount\":0,\"publisher\":{\"@id\":\"https:\/\/www.airicom.com\/blog\/#organization\"},\"image\":{\"@id\":\"https:\/\/www.airicom.com\/blog\/applications-iot\/iot-industrie\/trois-cas-de-mesures-de-la-consommation-electrique-avec-la-solution-eco-adapt\/#primaryimage\"},\"thumbnailUrl\":\"https:\/\/www.airicom.com\/blog\/wp-content\/uploads\/2020\/07\/Power-Elec6.png\",\"keywords\":[\"consommation \u00e9nerg\u00e9tique\"],\"articleSection\":[\"B\u00e2timent\",\"Industrie\",\"Sant\u00e9\"],\"inLanguage\":\"fr-FR\",\"potentialAction\":[{\"@type\":\"CommentAction\",\"name\":\"Comment\",\"target\":[\"https:\/\/www.airicom.com\/blog\/applications-iot\/iot-industrie\/trois-cas-de-mesures-de-la-consommation-electrique-avec-la-solution-eco-adapt\/#respond\"]}]},{\"@type\":\"WebPage\",\"@id\":\"https:\/\/www.airicom.com\/blog\/applications-iot\/iot-industrie\/trois-cas-de-mesures-de-la-consommation-electrique-avec-la-solution-eco-adapt\/\",\"url\":\"https:\/\/www.airicom.com\/blog\/applications-iot\/iot-industrie\/trois-cas-de-mesures-de-la-consommation-electrique-avec-la-solution-eco-adapt\/\",\"name\":\"G\u00e9rer sa consommation \u00e9lectrique avec Eco-Adapt - Airicom - Expert IoT et M2M depuis plus de 20 ans\",\"isPartOf\":{\"@id\":\"https:\/\/www.airicom.com\/blog\/#website\"},\"primaryImageOfPage\":{\"@id\":\"https:\/\/www.airicom.com\/blog\/applications-iot\/iot-industrie\/trois-cas-de-mesures-de-la-consommation-electrique-avec-la-solution-eco-adapt\/#primaryimage\"},\"image\":{\"@id\":\"https:\/\/www.airicom.com\/blog\/applications-iot\/iot-industrie\/trois-cas-de-mesures-de-la-consommation-electrique-avec-la-solution-eco-adapt\/#primaryimage\"},\"thumbnailUrl\":\"https:\/\/www.airicom.com\/blog\/wp-content\/uploads\/2020\/07\/Power-Elec6.png\",\"datePublished\":\"2020-07-22T15:29:38+00:00\",\"dateModified\":\"2020-07-24T11:57:39+00:00\",\"breadcrumb\":{\"@id\":\"https:\/\/www.airicom.com\/blog\/applications-iot\/iot-industrie\/trois-cas-de-mesures-de-la-consommation-electrique-avec-la-solution-eco-adapt\/#breadcrumb\"},\"inLanguage\":\"fr-FR\",\"potentialAction\":[{\"@type\":\"ReadAction\",\"target\":[\"https:\/\/www.airicom.com\/blog\/applications-iot\/iot-industrie\/trois-cas-de-mesures-de-la-consommation-electrique-avec-la-solution-eco-adapt\/\"]}]},{\"@type\":\"ImageObject\",\"inLanguage\":\"fr-FR\",\"@id\":\"https:\/\/www.airicom.com\/blog\/applications-iot\/iot-industrie\/trois-cas-de-mesures-de-la-consommation-electrique-avec-la-solution-eco-adapt\/#primaryimage\",\"url\":\"https:\/\/www.airicom.com\/blog\/wp-content\/uploads\/2020\/07\/Power-Elec6.png\",\"contentUrl\":\"https:\/\/www.airicom.com\/blog\/wp-content\/uploads\/2020\/07\/Power-Elec6.png\",\"width\":544,\"height\":400,\"caption\":\"Centrale de suivi de la consommation \u00e9lectrique\"},{\"@type\":\"BreadcrumbList\",\"@id\":\"https:\/\/www.airicom.com\/blog\/applications-iot\/iot-industrie\/trois-cas-de-mesures-de-la-consommation-electrique-avec-la-solution-eco-adapt\/#breadcrumb\",\"itemListElement\":[{\"@type\":\"ListItem\",\"position\":1,\"name\":\"Accueil\",\"item\":\"https:\/\/www.airicom.com\/blog\/\"},{\"@type\":\"ListItem\",\"position\":2,\"name\":\"G\u00e9rer sa consommation \u00e9lectrique avec Eco-Adapt\"}]},{\"@type\":\"WebSite\",\"@id\":\"https:\/\/www.airicom.com\/blog\/#website\",\"url\":\"https:\/\/www.airicom.com\/blog\/\",\"name\":\"Airicom - Expert IoT et M2M depuis plus de 20 ans\",\"description\":\"Airicom - Expert IoT et M2M depuis plus de 20 ans\",\"publisher\":{\"@id\":\"https:\/\/www.airicom.com\/blog\/#organization\"},\"potentialAction\":[{\"@type\":\"SearchAction\",\"target\":{\"@type\":\"EntryPoint\",\"urlTemplate\":\"https:\/\/www.airicom.com\/blog\/?s={search_term_string}\"},\"query-input\":{\"@type\":\"PropertyValueSpecification\",\"valueRequired\":true,\"valueName\":\"search_term_string\"}}],\"inLanguage\":\"fr-FR\"},{\"@type\":\"Organization\",\"@id\":\"https:\/\/www.airicom.com\/blog\/#organization\",\"name\":\"Airicom - Expert IoT et M2M depuis plus de 20 ans\",\"url\":\"https:\/\/www.airicom.com\/blog\/\",\"logo\":{\"@type\":\"ImageObject\",\"inLanguage\":\"fr-FR\",\"@id\":\"https:\/\/www.airicom.com\/blog\/#\/schema\/logo\/image\/\",\"url\":\"https:\/\/airicom.com\/blog\/wp-content\/uploads\/2020\/04\/logo-airicom-2020-200.jpg\",\"contentUrl\":\"https:\/\/airicom.com\/blog\/wp-content\/uploads\/2020\/04\/logo-airicom-2020-200.jpg\",\"width\":200,\"height\":37,\"caption\":\"Airicom - Expert IoT et M2M depuis plus de 20 ans\"},\"image\":{\"@id\":\"https:\/\/www.airicom.com\/blog\/#\/schema\/logo\/image\/\"},\"sameAs\":[\"https:\/\/x.com\/airicom3\",\"https:\/\/www.linkedin.com\/company\/airicom\/\",\"https:\/\/www.youtube.com\/channel\/UCcgCGMQdXFmPMTtJ_4bQQ6A\"]},{\"@type\":\"Person\",\"@id\":\"https:\/\/www.airicom.com\/blog\/#\/schema\/person\/3d7224647f371f8c62fccebc689bffcb\",\"name\":\"Bruno DUVAL\",\"image\":{\"@type\":\"ImageObject\",\"inLanguage\":\"fr-FR\",\"@id\":\"https:\/\/www.airicom.com\/blog\/#\/schema\/person\/image\/\",\"url\":\"https:\/\/secure.gravatar.com\/avatar\/5499267dfca70a0d4c8b2ad32a5eef0d02c107e493abc183035941f470cb2e73?s=96&d=mm&r=g\",\"contentUrl\":\"https:\/\/secure.gravatar.com\/avatar\/5499267dfca70a0d4c8b2ad32a5eef0d02c107e493abc183035941f470cb2e73?s=96&d=mm&r=g\",\"caption\":\"Bruno DUVAL\"},\"sameAs\":[\"http:\/\/www.airicom.capteranalyser.fr\/blog\"],\"url\":\"https:\/\/www.airicom.com\/blog\/author\/bruno-duval44gmail-com\/\"}]}<\/script>\n<!-- \/ Yoast SEO Premium plugin. -->","yoast_head_json":{"title":"G\u00e9rer sa consommation \u00e9lectrique avec Eco-Adapt - Airicom - Expert IoT et M2M depuis plus de 20 ans","robots":{"index":"index","follow":"follow","max-snippet":"max-snippet:-1","max-image-preview":"max-image-preview:large","max-video-preview":"max-video-preview:-1"},"canonical":"https:\/\/www.airicom.com\/blog\/applications-iot\/iot-industrie\/trois-cas-de-mesures-de-la-consommation-electrique-avec-la-solution-eco-adapt\/","twitter_card":"summary_large_image","twitter_title":"G\u00e9rer sa consommation \u00e9lectrique avec Eco-Adapt - Airicom - Expert IoT et M2M depuis plus de 20 ans","twitter_description":"D\u00e9couvrez comment la solution Eco-Adapt permet de r\u00e9aliser des \u00e9conomies d'\u00e9nergie en milieu industriel, dans un h\u00f4pital et dans un b\u00e2timent.","twitter_image":"https:\/\/www.airicom.com\/blog\/wp-content\/uploads\/2020\/07\/Power-Elec6.png","twitter_creator":"@airicom3","twitter_site":"@airicom3","twitter_misc":{"\u00c9crit par":"Bruno DUVAL","Dur\u00e9e de lecture estim\u00e9e":"3 minutes"},"schema":{"@context":"https:\/\/schema.org","@graph":[{"@type":"Article","@id":"https:\/\/www.airicom.com\/blog\/applications-iot\/iot-industrie\/trois-cas-de-mesures-de-la-consommation-electrique-avec-la-solution-eco-adapt\/#article","isPartOf":{"@id":"https:\/\/www.airicom.com\/blog\/applications-iot\/iot-industrie\/trois-cas-de-mesures-de-la-consommation-electrique-avec-la-solution-eco-adapt\/"},"author":{"name":"Bruno DUVAL","@id":"https:\/\/www.airicom.com\/blog\/#\/schema\/person\/3d7224647f371f8c62fccebc689bffcb"},"headline":"G\u00e9rer sa consommation \u00e9lectrique avec Eco-Adapt","datePublished":"2020-07-22T15:29:38+00:00","dateModified":"2020-07-24T11:57:39+00:00","mainEntityOfPage":{"@id":"https:\/\/www.airicom.com\/blog\/applications-iot\/iot-industrie\/trois-cas-de-mesures-de-la-consommation-electrique-avec-la-solution-eco-adapt\/"},"wordCount":583,"commentCount":0,"publisher":{"@id":"https:\/\/www.airicom.com\/blog\/#organization"},"image":{"@id":"https:\/\/www.airicom.com\/blog\/applications-iot\/iot-industrie\/trois-cas-de-mesures-de-la-consommation-electrique-avec-la-solution-eco-adapt\/#primaryimage"},"thumbnailUrl":"https:\/\/www.airicom.com\/blog\/wp-content\/uploads\/2020\/07\/Power-Elec6.png","keywords":["consommation \u00e9nerg\u00e9tique"],"articleSection":["B\u00e2timent","Industrie","Sant\u00e9"],"inLanguage":"fr-FR","potentialAction":[{"@type":"CommentAction","name":"Comment","target":["https:\/\/www.airicom.com\/blog\/applications-iot\/iot-industrie\/trois-cas-de-mesures-de-la-consommation-electrique-avec-la-solution-eco-adapt\/#respond"]}]},{"@type":"WebPage","@id":"https:\/\/www.airicom.com\/blog\/applications-iot\/iot-industrie\/trois-cas-de-mesures-de-la-consommation-electrique-avec-la-solution-eco-adapt\/","url":"https:\/\/www.airicom.com\/blog\/applications-iot\/iot-industrie\/trois-cas-de-mesures-de-la-consommation-electrique-avec-la-solution-eco-adapt\/","name":"G\u00e9rer sa consommation \u00e9lectrique avec Eco-Adapt - Airicom - Expert IoT et M2M depuis plus de 20 ans","isPartOf":{"@id":"https:\/\/www.airicom.com\/blog\/#website"},"primaryImageOfPage":{"@id":"https:\/\/www.airicom.com\/blog\/applications-iot\/iot-industrie\/trois-cas-de-mesures-de-la-consommation-electrique-avec-la-solution-eco-adapt\/#primaryimage"},"image":{"@id":"https:\/\/www.airicom.com\/blog\/applications-iot\/iot-industrie\/trois-cas-de-mesures-de-la-consommation-electrique-avec-la-solution-eco-adapt\/#primaryimage"},"thumbnailUrl":"https:\/\/www.airicom.com\/blog\/wp-content\/uploads\/2020\/07\/Power-Elec6.png","datePublished":"2020-07-22T15:29:38+00:00","dateModified":"2020-07-24T11:57:39+00:00","breadcrumb":{"@id":"https:\/\/www.airicom.com\/blog\/applications-iot\/iot-industrie\/trois-cas-de-mesures-de-la-consommation-electrique-avec-la-solution-eco-adapt\/#breadcrumb"},"inLanguage":"fr-FR","potentialAction":[{"@type":"ReadAction","target":["https:\/\/www.airicom.com\/blog\/applications-iot\/iot-industrie\/trois-cas-de-mesures-de-la-consommation-electrique-avec-la-solution-eco-adapt\/"]}]},{"@type":"ImageObject","inLanguage":"fr-FR","@id":"https:\/\/www.airicom.com\/blog\/applications-iot\/iot-industrie\/trois-cas-de-mesures-de-la-consommation-electrique-avec-la-solution-eco-adapt\/#primaryimage","url":"https:\/\/www.airicom.com\/blog\/wp-content\/uploads\/2020\/07\/Power-Elec6.png","contentUrl":"https:\/\/www.airicom.com\/blog\/wp-content\/uploads\/2020\/07\/Power-Elec6.png","width":544,"height":400,"caption":"Centrale de suivi de la consommation \u00e9lectrique"},{"@type":"BreadcrumbList","@id":"https:\/\/www.airicom.com\/blog\/applications-iot\/iot-industrie\/trois-cas-de-mesures-de-la-consommation-electrique-avec-la-solution-eco-adapt\/#breadcrumb","itemListElement":[{"@type":"ListItem","position":1,"name":"Accueil","item":"https:\/\/www.airicom.com\/blog\/"},{"@type":"ListItem","position":2,"name":"G\u00e9rer sa consommation \u00e9lectrique avec Eco-Adapt"}]},{"@type":"WebSite","@id":"https:\/\/www.airicom.com\/blog\/#website","url":"https:\/\/www.airicom.com\/blog\/","name":"Airicom - Expert IoT et M2M depuis plus de 20 ans","description":"Airicom - Expert IoT et M2M depuis plus de 20 ans","publisher":{"@id":"https:\/\/www.airicom.com\/blog\/#organization"},"potentialAction":[{"@type":"SearchAction","target":{"@type":"EntryPoint","urlTemplate":"https:\/\/www.airicom.com\/blog\/?s={search_term_string}"},"query-input":{"@type":"PropertyValueSpecification","valueRequired":true,"valueName":"search_term_string"}}],"inLanguage":"fr-FR"},{"@type":"Organization","@id":"https:\/\/www.airicom.com\/blog\/#organization","name":"Airicom - Expert IoT et M2M depuis plus de 20 ans","url":"https:\/\/www.airicom.com\/blog\/","logo":{"@type":"ImageObject","inLanguage":"fr-FR","@id":"https:\/\/www.airicom.com\/blog\/#\/schema\/logo\/image\/","url":"https:\/\/airicom.com\/blog\/wp-content\/uploads\/2020\/04\/logo-airicom-2020-200.jpg","contentUrl":"https:\/\/airicom.com\/blog\/wp-content\/uploads\/2020\/04\/logo-airicom-2020-200.jpg","width":200,"height":37,"caption":"Airicom - Expert IoT et M2M depuis plus de 20 ans"},"image":{"@id":"https:\/\/www.airicom.com\/blog\/#\/schema\/logo\/image\/"},"sameAs":["https:\/\/x.com\/airicom3","https:\/\/www.linkedin.com\/company\/airicom\/","https:\/\/www.youtube.com\/channel\/UCcgCGMQdXFmPMTtJ_4bQQ6A"]},{"@type":"Person","@id":"https:\/\/www.airicom.com\/blog\/#\/schema\/person\/3d7224647f371f8c62fccebc689bffcb","name":"Bruno DUVAL","image":{"@type":"ImageObject","inLanguage":"fr-FR","@id":"https:\/\/www.airicom.com\/blog\/#\/schema\/person\/image\/","url":"https:\/\/secure.gravatar.com\/avatar\/5499267dfca70a0d4c8b2ad32a5eef0d02c107e493abc183035941f470cb2e73?s=96&d=mm&r=g","contentUrl":"https:\/\/secure.gravatar.com\/avatar\/5499267dfca70a0d4c8b2ad32a5eef0d02c107e493abc183035941f470cb2e73?s=96&d=mm&r=g","caption":"Bruno DUVAL"},"sameAs":["http:\/\/www.airicom.capteranalyser.fr\/blog"],"url":"https:\/\/www.airicom.com\/blog\/author\/bruno-duval44gmail-com\/"}]}},"_links":{"self":[{"href":"https:\/\/www.airicom.com\/blog\/wp-json\/wp\/v2\/posts\/30072","targetHints":{"allow":["GET"]}}],"collection":[{"href":"https:\/\/www.airicom.com\/blog\/wp-json\/wp\/v2\/posts"}],"about":[{"href":"https:\/\/www.airicom.com\/blog\/wp-json\/wp\/v2\/types\/post"}],"author":[{"embeddable":true,"href":"https:\/\/www.airicom.com\/blog\/wp-json\/wp\/v2\/users\/1"}],"replies":[{"embeddable":true,"href":"https:\/\/www.airicom.com\/blog\/wp-json\/wp\/v2\/comments?post=30072"}],"version-history":[{"count":0,"href":"https:\/\/www.airicom.com\/blog\/wp-json\/wp\/v2\/posts\/30072\/revisions"}],"wp:featuredmedia":[{"embeddable":true,"href":"https:\/\/www.airicom.com\/blog\/wp-json\/wp\/v2\/media\/30073"}],"wp:attachment":[{"href":"https:\/\/www.airicom.com\/blog\/wp-json\/wp\/v2\/media?parent=30072"}],"wp:term":[{"taxonomy":"category","embeddable":true,"href":"https:\/\/www.airicom.com\/blog\/wp-json\/wp\/v2\/categories?post=30072"},{"taxonomy":"post_tag","embeddable":true,"href":"https:\/\/www.airicom.com\/blog\/wp-json\/wp\/v2\/tags?post=30072"}],"curies":[{"name":"wp","href":"https:\/\/api.w.org\/{rel}","templated":true}]}}