{"id":30181,"date":"2020-08-05T14:19:00","date_gmt":"2020-08-05T12:19:00","guid":{"rendered":"https:\/\/airicom.com\/blog\/?p=30181"},"modified":"2021-07-02T19:08:07","modified_gmt":"2021-07-02T17:08:07","slug":"invirtus-technologies-renforce-sa-distribution-par-un-accord-avec-le-nouveau-groupe-airicom","status":"publish","type":"post","link":"https:\/\/www.airicom.com\/blog\/actualite-airicom\/invirtus-technologies-renforce-sa-distribution-par-un-accord-avec-le-nouveau-groupe-airicom\/","title":{"rendered":"InVirtus TECHNOLOGIES renforce sa distribution par un accord avec le nouveau Groupe Airicom"},"content":{"rendered":"\n<p><a href=\"https:\/\/www.invirtus.io\/fr\/\">inVirtus Technologies<\/a>, sp\u00e9cialiste en g\u00e9olocalisation des actifs (Asset Tracking), en int\u00e9rieur et ext\u00e9rieur, propose des trackers sans fil offrant une grande autonomie. L&#8217;information en provenance de ces capteurs remonte vers une plateforme de supervision aux nombreuses fonctionnalit\u00e9s. La solution inVirtus  permet la t\u00e9l\u00e9-gestion en temps r\u00e9el des parcs de mat\u00e9riels sensibles et le suivi des flux de marchandises.<\/p>\n\n\n\n<figure class=\"wp-block-image size-large\"><img fetchpriority=\"high\" fetchpriority=\"high\" decoding=\"async\" width=\"1024\" height=\"706\" src=\"https:\/\/airicom.com\/blog\/wp-content\/uploads\/2020\/08\/InVirtus2-1024x706.jpg\" alt=\"InVirtus\" class=\"wp-image-30197\" srcset=\"https:\/\/airicom.com\/blog\/wp-content\/uploads\/2020\/08\/InVirtus2-980x676.jpg 980w, https:\/\/airicom.com\/blog\/wp-content\/uploads\/2020\/08\/InVirtus2-480x331.jpg 480w\" sizes=\"(min-width: 0px) and (max-width: 480px) 480px, (min-width: 481px) and (max-width: 980px) 980px, (min-width: 981px) 1024px, 100vw\" \/><figcaption>InVirtus<\/figcaption><\/figure>\n\n\n\n<p>Le Groupe AiRiCOM, depuis plus de 20 ans, repr\u00e9sente des marques leader sur leurs march\u00e9s. Il se positionne en sp\u00e9cialiste en interface de communication et architecte de solutions IoT et M2M.<br>Le Groupe AiRiCOM, via son entit\u00e9 ARPCI, est tr\u00e8s fi\u00e8re de repr\u00e9senter depuis plus d\u2019un an InVirtus Technologies, fabricant fran\u00e7ais de trackers \u00e9lectroniques et fournisseur de services li\u00e9s.<br>Identifiez, localisez et suivez vos biens et les personnes \u00e0 moindre co\u00fbt, dans des zones ext\u00e9rieures ou Int\u00e9rieures, avec les solutions Hybrides (BLE, LoRa, GPS) InVirtus Technologies et leurs plateforme m\u00e9tiers.<\/p>\n\n\n\n<p>Depuis l&#8217;int\u00e9gration d\u2019ARPCI dans&nbsp; le groupe, AiRiCOM compte d\u00e9sormais plus de 12 personnes, sur 3 sites Fran\u00e7ais (Ile de France (75), Vend\u00e9e (85) et Maine et Loire (49) et se structure et s\u2019organise pour renforcer son positionnement dans le monde de l\u2019IoT Industriel en France et en Europe.&nbsp;<\/p>\n\n\n\n<p>Cet accord renforce encore plus le Partenariat entre les structures inVirtus technologies et le groupe AiRiCOM et lance une nouvelle dynamique sur le march\u00e9 de l\u2019IoT industriel etM2M en France et en Europe.<\/p>\n\n\n\n<p>Contactez les \u00e9quipes AiRiCOM : info@airicom.com&nbsp;<br>ou T\u00e9l : +33(0)1.77.62.46.24 (AiRiCOM &#8211; Paris)<br>ou T\u00e9l : +33(0)2.51.09.59.37 (ARPCI groupe AiRiCOM)<\/p>\n\n\n\n<p>D\u00e9couvrez les trackers et la plate-forme inVirtus sur le site airicom<\/p>\n\n\n\n<p><\/p>\n\n\n\n<p><\/p>\n","protected":false},"excerpt":{"rendered":"<p>inVirtus technologies renforce sa distribution par un accord avec le nouveau Groupe Airicom<\/p>\n","protected":false},"author":2,"featured_media":30197,"comment_status":"open","ping_status":"open","sticky":true,"template":"","format":"standard","meta":{"_et_pb_use_builder":"off","_et_pb_old_content":"","_et_gb_content_width":"","footnotes":""},"categories":[77],"tags":[109,108,110],"class_list":["post-30181","post","type-post","status-publish","format-standard","has-post-thumbnail","hentry","category-actualite-airicom","tag-asset","tag-invirtus","tag-tracking"],"yoast_head":"<!-- This site is optimized with the Yoast SEO Premium plugin v25.7.1 (Yoast SEO v26.2) - https:\/\/yoast.com\/wordpress\/plugins\/seo\/ -->\n<title>InVirtus TECHNOLOGIES renforce sa distribution par un accord avec le nouveau Groupe Airicom - Airicom - Expert IoT et M2M depuis plus de 20 ans<\/title>\n<meta name=\"robots\" content=\"index, follow, max-snippet:-1, max-image-preview:large, max-video-preview:-1\" \/>\n<link rel=\"canonical\" href=\"https:\/\/www.airicom.com\/blog\/actualite-airicom\/invirtus-technologies-renforce-sa-distribution-par-un-accord-avec-le-nouveau-groupe-airicom\/\" \/>\n<meta name=\"twitter:card\" content=\"summary_large_image\" \/>\n<meta name=\"twitter:title\" content=\"InVirtus TECHNOLOGIES renforce sa distribution par un accord avec le nouveau Groupe Airicom - Airicom - Expert IoT et M2M depuis plus de 20 ans\" \/>\n<meta name=\"twitter:description\" content=\"inVirtus technologies renforce sa distribution par un accord avec le nouveau Groupe Airicom\" \/>\n<meta name=\"twitter:image\" content=\"https:\/\/www.airicom.com\/blog\/wp-content\/uploads\/2020\/08\/InVirtus2.jpg\" \/>\n<meta name=\"twitter:creator\" content=\"@airicom3\" \/>\n<meta name=\"twitter:site\" content=\"@airicom3\" \/>\n<meta name=\"twitter:label1\" content=\"\u00c9crit par\" \/>\n\t<meta name=\"twitter:data1\" content=\"David Talon\" \/>\n\t<meta name=\"twitter:label2\" content=\"Dur\u00e9e de lecture estim\u00e9e\" \/>\n\t<meta name=\"twitter:data2\" content=\"1 minute\" \/>\n<script type=\"application\/ld+json\" class=\"yoast-schema-graph\">{\"@context\":\"https:\/\/schema.org\",\"@graph\":[{\"@type\":\"Article\",\"@id\":\"https:\/\/www.airicom.com\/blog\/actualite-airicom\/invirtus-technologies-renforce-sa-distribution-par-un-accord-avec-le-nouveau-groupe-airicom\/#article\",\"isPartOf\":{\"@id\":\"https:\/\/www.airicom.com\/blog\/actualite-airicom\/invirtus-technologies-renforce-sa-distribution-par-un-accord-avec-le-nouveau-groupe-airicom\/\"},\"author\":{\"name\":\"David Talon\",\"@id\":\"https:\/\/www.airicom.com\/blog\/#\/schema\/person\/10d8fbde841272247e9f235bf5a85131\"},\"headline\":\"InVirtus TECHNOLOGIES renforce sa distribution par un accord avec le nouveau Groupe Airicom\",\"datePublished\":\"2020-08-05T12:19:00+00:00\",\"dateModified\":\"2021-07-02T17:08:07+00:00\",\"mainEntityOfPage\":{\"@id\":\"https:\/\/www.airicom.com\/blog\/actualite-airicom\/invirtus-technologies-renforce-sa-distribution-par-un-accord-avec-le-nouveau-groupe-airicom\/\"},\"wordCount\":304,\"commentCount\":0,\"publisher\":{\"@id\":\"https:\/\/www.airicom.com\/blog\/#organization\"},\"image\":{\"@id\":\"https:\/\/www.airicom.com\/blog\/actualite-airicom\/invirtus-technologies-renforce-sa-distribution-par-un-accord-avec-le-nouveau-groupe-airicom\/#primaryimage\"},\"thumbnailUrl\":\"https:\/\/www.airicom.com\/blog\/wp-content\/uploads\/2020\/08\/InVirtus2.jpg\",\"keywords\":[\"asset\",\"invirtus\",\"tracking\"],\"articleSection\":[\"Actualit\u00e9\"],\"inLanguage\":\"fr-FR\",\"potentialAction\":[{\"@type\":\"CommentAction\",\"name\":\"Comment\",\"target\":[\"https:\/\/www.airicom.com\/blog\/actualite-airicom\/invirtus-technologies-renforce-sa-distribution-par-un-accord-avec-le-nouveau-groupe-airicom\/#respond\"]}]},{\"@type\":\"WebPage\",\"@id\":\"https:\/\/www.airicom.com\/blog\/actualite-airicom\/invirtus-technologies-renforce-sa-distribution-par-un-accord-avec-le-nouveau-groupe-airicom\/\",\"url\":\"https:\/\/www.airicom.com\/blog\/actualite-airicom\/invirtus-technologies-renforce-sa-distribution-par-un-accord-avec-le-nouveau-groupe-airicom\/\",\"name\":\"InVirtus TECHNOLOGIES renforce sa distribution par un accord avec le nouveau Groupe Airicom - Airicom - Expert IoT et M2M depuis plus de 20 ans\",\"isPartOf\":{\"@id\":\"https:\/\/www.airicom.com\/blog\/#website\"},\"primaryImageOfPage\":{\"@id\":\"https:\/\/www.airicom.com\/blog\/actualite-airicom\/invirtus-technologies-renforce-sa-distribution-par-un-accord-avec-le-nouveau-groupe-airicom\/#primaryimage\"},\"image\":{\"@id\":\"https:\/\/www.airicom.com\/blog\/actualite-airicom\/invirtus-technologies-renforce-sa-distribution-par-un-accord-avec-le-nouveau-groupe-airicom\/#primaryimage\"},\"thumbnailUrl\":\"https:\/\/www.airicom.com\/blog\/wp-content\/uploads\/2020\/08\/InVirtus2.jpg\",\"datePublished\":\"2020-08-05T12:19:00+00:00\",\"dateModified\":\"2021-07-02T17:08:07+00:00\",\"breadcrumb\":{\"@id\":\"https:\/\/www.airicom.com\/blog\/actualite-airicom\/invirtus-technologies-renforce-sa-distribution-par-un-accord-avec-le-nouveau-groupe-airicom\/#breadcrumb\"},\"inLanguage\":\"fr-FR\",\"potentialAction\":[{\"@type\":\"ReadAction\",\"target\":[\"https:\/\/www.airicom.com\/blog\/actualite-airicom\/invirtus-technologies-renforce-sa-distribution-par-un-accord-avec-le-nouveau-groupe-airicom\/\"]}]},{\"@type\":\"ImageObject\",\"inLanguage\":\"fr-FR\",\"@id\":\"https:\/\/www.airicom.com\/blog\/actualite-airicom\/invirtus-technologies-renforce-sa-distribution-par-un-accord-avec-le-nouveau-groupe-airicom\/#primaryimage\",\"url\":\"https:\/\/www.airicom.com\/blog\/wp-content\/uploads\/2020\/08\/InVirtus2.jpg\",\"contentUrl\":\"https:\/\/www.airicom.com\/blog\/wp-content\/uploads\/2020\/08\/InVirtus2.jpg\",\"width\":1423,\"height\":981,\"caption\":\"InVirtus\"},{\"@type\":\"BreadcrumbList\",\"@id\":\"https:\/\/www.airicom.com\/blog\/actualite-airicom\/invirtus-technologies-renforce-sa-distribution-par-un-accord-avec-le-nouveau-groupe-airicom\/#breadcrumb\",\"itemListElement\":[{\"@type\":\"ListItem\",\"position\":1,\"name\":\"Accueil\",\"item\":\"https:\/\/www.airicom.com\/blog\/\"},{\"@type\":\"ListItem\",\"position\":2,\"name\":\"InVirtus TECHNOLOGIES renforce sa distribution par un accord avec le nouveau Groupe Airicom\"}]},{\"@type\":\"WebSite\",\"@id\":\"https:\/\/www.airicom.com\/blog\/#website\",\"url\":\"https:\/\/www.airicom.com\/blog\/\",\"name\":\"Airicom - Expert IoT et M2M depuis plus de 20 ans\",\"description\":\"Airicom - Expert IoT et M2M depuis plus de 20 ans\",\"publisher\":{\"@id\":\"https:\/\/www.airicom.com\/blog\/#organization\"},\"potentialAction\":[{\"@type\":\"SearchAction\",\"target\":{\"@type\":\"EntryPoint\",\"urlTemplate\":\"https:\/\/www.airicom.com\/blog\/?s={search_term_string}\"},\"query-input\":{\"@type\":\"PropertyValueSpecification\",\"valueRequired\":true,\"valueName\":\"search_term_string\"}}],\"inLanguage\":\"fr-FR\"},{\"@type\":\"Organization\",\"@id\":\"https:\/\/www.airicom.com\/blog\/#organization\",\"name\":\"Airicom - Expert IoT et M2M depuis plus de 20 ans\",\"url\":\"https:\/\/www.airicom.com\/blog\/\",\"logo\":{\"@type\":\"ImageObject\",\"inLanguage\":\"fr-FR\",\"@id\":\"https:\/\/www.airicom.com\/blog\/#\/schema\/logo\/image\/\",\"url\":\"https:\/\/airicom.com\/blog\/wp-content\/uploads\/2020\/04\/logo-airicom-2020-200.jpg\",\"contentUrl\":\"https:\/\/airicom.com\/blog\/wp-content\/uploads\/2020\/04\/logo-airicom-2020-200.jpg\",\"width\":200,\"height\":37,\"caption\":\"Airicom - Expert IoT et M2M depuis plus de 20 ans\"},\"image\":{\"@id\":\"https:\/\/www.airicom.com\/blog\/#\/schema\/logo\/image\/\"},\"sameAs\":[\"https:\/\/x.com\/airicom3\",\"https:\/\/www.linkedin.com\/company\/airicom\/\",\"https:\/\/www.youtube.com\/channel\/UCcgCGMQdXFmPMTtJ_4bQQ6A\"]},{\"@type\":\"Person\",\"@id\":\"https:\/\/www.airicom.com\/blog\/#\/schema\/person\/10d8fbde841272247e9f235bf5a85131\",\"name\":\"David Talon\",\"image\":{\"@type\":\"ImageObject\",\"inLanguage\":\"fr-FR\",\"@id\":\"https:\/\/www.airicom.com\/blog\/#\/schema\/person\/image\/\",\"url\":\"https:\/\/secure.gravatar.com\/avatar\/51e9e057bacef375df0eef94fd3c94fa3fea642a1c39d14bc32ceac211a8c1e4?s=96&d=mm&r=g\",\"contentUrl\":\"https:\/\/secure.gravatar.com\/avatar\/51e9e057bacef375df0eef94fd3c94fa3fea642a1c39d14bc32ceac211a8c1e4?s=96&d=mm&r=g\",\"caption\":\"David Talon\"},\"url\":\"https:\/\/www.airicom.com\/blog\/author\/davidarpci-com\/\"}]}<\/script>\n<!-- \/ Yoast SEO Premium plugin. -->","yoast_head_json":{"title":"InVirtus TECHNOLOGIES renforce sa distribution par un accord avec le nouveau Groupe Airicom - Airicom - Expert IoT et M2M depuis plus de 20 ans","robots":{"index":"index","follow":"follow","max-snippet":"max-snippet:-1","max-image-preview":"max-image-preview:large","max-video-preview":"max-video-preview:-1"},"canonical":"https:\/\/www.airicom.com\/blog\/actualite-airicom\/invirtus-technologies-renforce-sa-distribution-par-un-accord-avec-le-nouveau-groupe-airicom\/","twitter_card":"summary_large_image","twitter_title":"InVirtus TECHNOLOGIES renforce sa distribution par un accord avec le nouveau Groupe Airicom - Airicom - Expert IoT et M2M depuis plus de 20 ans","twitter_description":"inVirtus technologies renforce sa distribution par un accord avec le nouveau Groupe Airicom","twitter_image":"https:\/\/www.airicom.com\/blog\/wp-content\/uploads\/2020\/08\/InVirtus2.jpg","twitter_creator":"@airicom3","twitter_site":"@airicom3","twitter_misc":{"\u00c9crit par":"David Talon","Dur\u00e9e de lecture estim\u00e9e":"1 minute"},"schema":{"@context":"https:\/\/schema.org","@graph":[{"@type":"Article","@id":"https:\/\/www.airicom.com\/blog\/actualite-airicom\/invirtus-technologies-renforce-sa-distribution-par-un-accord-avec-le-nouveau-groupe-airicom\/#article","isPartOf":{"@id":"https:\/\/www.airicom.com\/blog\/actualite-airicom\/invirtus-technologies-renforce-sa-distribution-par-un-accord-avec-le-nouveau-groupe-airicom\/"},"author":{"name":"David Talon","@id":"https:\/\/www.airicom.com\/blog\/#\/schema\/person\/10d8fbde841272247e9f235bf5a85131"},"headline":"InVirtus TECHNOLOGIES renforce sa distribution par un accord avec le nouveau Groupe Airicom","datePublished":"2020-08-05T12:19:00+00:00","dateModified":"2021-07-02T17:08:07+00:00","mainEntityOfPage":{"@id":"https:\/\/www.airicom.com\/blog\/actualite-airicom\/invirtus-technologies-renforce-sa-distribution-par-un-accord-avec-le-nouveau-groupe-airicom\/"},"wordCount":304,"commentCount":0,"publisher":{"@id":"https:\/\/www.airicom.com\/blog\/#organization"},"image":{"@id":"https:\/\/www.airicom.com\/blog\/actualite-airicom\/invirtus-technologies-renforce-sa-distribution-par-un-accord-avec-le-nouveau-groupe-airicom\/#primaryimage"},"thumbnailUrl":"https:\/\/www.airicom.com\/blog\/wp-content\/uploads\/2020\/08\/InVirtus2.jpg","keywords":["asset","invirtus","tracking"],"articleSection":["Actualit\u00e9"],"inLanguage":"fr-FR","potentialAction":[{"@type":"CommentAction","name":"Comment","target":["https:\/\/www.airicom.com\/blog\/actualite-airicom\/invirtus-technologies-renforce-sa-distribution-par-un-accord-avec-le-nouveau-groupe-airicom\/#respond"]}]},{"@type":"WebPage","@id":"https:\/\/www.airicom.com\/blog\/actualite-airicom\/invirtus-technologies-renforce-sa-distribution-par-un-accord-avec-le-nouveau-groupe-airicom\/","url":"https:\/\/www.airicom.com\/blog\/actualite-airicom\/invirtus-technologies-renforce-sa-distribution-par-un-accord-avec-le-nouveau-groupe-airicom\/","name":"InVirtus TECHNOLOGIES renforce sa distribution par un accord avec le nouveau Groupe Airicom - Airicom - Expert IoT et M2M depuis plus de 20 ans","isPartOf":{"@id":"https:\/\/www.airicom.com\/blog\/#website"},"primaryImageOfPage":{"@id":"https:\/\/www.airicom.com\/blog\/actualite-airicom\/invirtus-technologies-renforce-sa-distribution-par-un-accord-avec-le-nouveau-groupe-airicom\/#primaryimage"},"image":{"@id":"https:\/\/www.airicom.com\/blog\/actualite-airicom\/invirtus-technologies-renforce-sa-distribution-par-un-accord-avec-le-nouveau-groupe-airicom\/#primaryimage"},"thumbnailUrl":"https:\/\/www.airicom.com\/blog\/wp-content\/uploads\/2020\/08\/InVirtus2.jpg","datePublished":"2020-08-05T12:19:00+00:00","dateModified":"2021-07-02T17:08:07+00:00","breadcrumb":{"@id":"https:\/\/www.airicom.com\/blog\/actualite-airicom\/invirtus-technologies-renforce-sa-distribution-par-un-accord-avec-le-nouveau-groupe-airicom\/#breadcrumb"},"inLanguage":"fr-FR","potentialAction":[{"@type":"ReadAction","target":["https:\/\/www.airicom.com\/blog\/actualite-airicom\/invirtus-technologies-renforce-sa-distribution-par-un-accord-avec-le-nouveau-groupe-airicom\/"]}]},{"@type":"ImageObject","inLanguage":"fr-FR","@id":"https:\/\/www.airicom.com\/blog\/actualite-airicom\/invirtus-technologies-renforce-sa-distribution-par-un-accord-avec-le-nouveau-groupe-airicom\/#primaryimage","url":"https:\/\/www.airicom.com\/blog\/wp-content\/uploads\/2020\/08\/InVirtus2.jpg","contentUrl":"https:\/\/www.airicom.com\/blog\/wp-content\/uploads\/2020\/08\/InVirtus2.jpg","width":1423,"height":981,"caption":"InVirtus"},{"@type":"BreadcrumbList","@id":"https:\/\/www.airicom.com\/blog\/actualite-airicom\/invirtus-technologies-renforce-sa-distribution-par-un-accord-avec-le-nouveau-groupe-airicom\/#breadcrumb","itemListElement":[{"@type":"ListItem","position":1,"name":"Accueil","item":"https:\/\/www.airicom.com\/blog\/"},{"@type":"ListItem","position":2,"name":"InVirtus TECHNOLOGIES renforce sa distribution par un accord avec le nouveau Groupe Airicom"}]},{"@type":"WebSite","@id":"https:\/\/www.airicom.com\/blog\/#website","url":"https:\/\/www.airicom.com\/blog\/","name":"Airicom - Expert IoT et M2M depuis plus de 20 ans","description":"Airicom - Expert IoT et M2M depuis plus de 20 ans","publisher":{"@id":"https:\/\/www.airicom.com\/blog\/#organization"},"potentialAction":[{"@type":"SearchAction","target":{"@type":"EntryPoint","urlTemplate":"https:\/\/www.airicom.com\/blog\/?s={search_term_string}"},"query-input":{"@type":"PropertyValueSpecification","valueRequired":true,"valueName":"search_term_string"}}],"inLanguage":"fr-FR"},{"@type":"Organization","@id":"https:\/\/www.airicom.com\/blog\/#organization","name":"Airicom - Expert IoT et M2M depuis plus de 20 ans","url":"https:\/\/www.airicom.com\/blog\/","logo":{"@type":"ImageObject","inLanguage":"fr-FR","@id":"https:\/\/www.airicom.com\/blog\/#\/schema\/logo\/image\/","url":"https:\/\/airicom.com\/blog\/wp-content\/uploads\/2020\/04\/logo-airicom-2020-200.jpg","contentUrl":"https:\/\/airicom.com\/blog\/wp-content\/uploads\/2020\/04\/logo-airicom-2020-200.jpg","width":200,"height":37,"caption":"Airicom - Expert IoT et M2M depuis plus de 20 ans"},"image":{"@id":"https:\/\/www.airicom.com\/blog\/#\/schema\/logo\/image\/"},"sameAs":["https:\/\/x.com\/airicom3","https:\/\/www.linkedin.com\/company\/airicom\/","https:\/\/www.youtube.com\/channel\/UCcgCGMQdXFmPMTtJ_4bQQ6A"]},{"@type":"Person","@id":"https:\/\/www.airicom.com\/blog\/#\/schema\/person\/10d8fbde841272247e9f235bf5a85131","name":"David Talon","image":{"@type":"ImageObject","inLanguage":"fr-FR","@id":"https:\/\/www.airicom.com\/blog\/#\/schema\/person\/image\/","url":"https:\/\/secure.gravatar.com\/avatar\/51e9e057bacef375df0eef94fd3c94fa3fea642a1c39d14bc32ceac211a8c1e4?s=96&d=mm&r=g","contentUrl":"https:\/\/secure.gravatar.com\/avatar\/51e9e057bacef375df0eef94fd3c94fa3fea642a1c39d14bc32ceac211a8c1e4?s=96&d=mm&r=g","caption":"David Talon"},"url":"https:\/\/www.airicom.com\/blog\/author\/davidarpci-com\/"}]}},"_links":{"self":[{"href":"https:\/\/www.airicom.com\/blog\/wp-json\/wp\/v2\/posts\/30181","targetHints":{"allow":["GET"]}}],"collection":[{"href":"https:\/\/www.airicom.com\/blog\/wp-json\/wp\/v2\/posts"}],"about":[{"href":"https:\/\/www.airicom.com\/blog\/wp-json\/wp\/v2\/types\/post"}],"author":[{"embeddable":true,"href":"https:\/\/www.airicom.com\/blog\/wp-json\/wp\/v2\/users\/2"}],"replies":[{"embeddable":true,"href":"https:\/\/www.airicom.com\/blog\/wp-json\/wp\/v2\/comments?post=30181"}],"version-history":[{"count":1,"href":"https:\/\/www.airicom.com\/blog\/wp-json\/wp\/v2\/posts\/30181\/revisions"}],"predecessor-version":[{"id":31758,"href":"https:\/\/www.airicom.com\/blog\/wp-json\/wp\/v2\/posts\/30181\/revisions\/31758"}],"wp:featuredmedia":[{"embeddable":true,"href":"https:\/\/www.airicom.com\/blog\/wp-json\/wp\/v2\/media\/30197"}],"wp:attachment":[{"href":"https:\/\/www.airicom.com\/blog\/wp-json\/wp\/v2\/media?parent=30181"}],"wp:term":[{"taxonomy":"category","embeddable":true,"href":"https:\/\/www.airicom.com\/blog\/wp-json\/wp\/v2\/categories?post=30181"},{"taxonomy":"post_tag","embeddable":true,"href":"https:\/\/www.airicom.com\/blog\/wp-json\/wp\/v2\/tags?post=30181"}],"curies":[{"name":"wp","href":"https:\/\/api.w.org\/{rel}","templated":true}]}}