{"id":30892,"date":"2020-07-20T12:10:00","date_gmt":"2020-07-20T10:10:00","guid":{"rendered":"https:\/\/airicom.com\/blog\/?p=30892"},"modified":"2021-03-09T14:24:14","modified_gmt":"2021-03-09T13:24:14","slug":"webinar-capteurs-connectes-nke-watteco-juillet-2020","status":"publish","type":"post","link":"https:\/\/www.airicom.com\/blog\/formation\/webinar-capteurs-connectes-nke-watteco-juillet-2020\/","title":{"rendered":"Webinar &#8211; Capteurs connect\u00e9s NKE Watteco &#8211; juillet 2020"},"content":{"rendered":"\n<p>Ce mois de juillet 2020 nous vous avons pr\u00e9sent\u00e9 les capteurs connect\u00e9s <a href=\"https:\/\/airicom.com\/1158-nke-watteco\">NKE Watteco<\/a>. Associ\u00e9s \u00e0 des plate-formes comme Kheiron de ioThink ces capteurs vous permettent de visualiser des donn\u00e9es essentielles pour la gestion \u00e0 distance de vos \u00e9quipements. <br>Les applications sont multiples : b\u00e2timents connect\u00e9s, industrie 4.0, agriculture raisonn\u00e9e, SmartCity, etc &#8230;<br>D\u00e9couvrez dans la pr\u00e9sentation vid\u00e9o qui suit les diff\u00e9rents types de capteurs <a href=\"https:\/\/www.nke-watteco.fr\/\">NKE Watteco<\/a> et leurs applications :<br>&#8211; gestion du stationnement<br>&#8211; qualit\u00e9 de l&#8217;air dans un b\u00e2timent<br>&#8211; gestion des climatisations<br>&#8211; information des citoyens<br>&#8211; etc &#8230; <\/p>\n\n\n\n<iframe src=\"https:\/\/www.youtube.com\/embed\/wNnypf1Vnkw\" allow=\"accelerometer; autoplay; clipboard-write; encrypted-media; gyroscope; picture-in-picture\" allowfullscreen=\"\" width=\"800\" height=\"416\" frameborder=\"0\"><\/iframe>\n\n\n\n<div class=\"wp-block-buttons is-layout-flex wp-block-buttons-is-layout-flex\">\n<div class=\"wp-block-button\"><a class=\"wp-block-button__link has-vivid-red-background-color has-background broken_link\" href=\"https:\/\/airicom.com\/content\/13-formulaire-de-contact-devis-ou-conseils\">Je souhaite des informations ou un devis sur  les capteurs connect\u00e9s NKE Watteco<\/a><\/div>\n<\/div>\n","protected":false},"excerpt":{"rendered":"<p>Comment mettre en place un syst\u00e8me sans c\u00e2ble pour :<br \/>\n&#8211; compter les voitures<br \/>\n&#8211; savoir s&#8217;il reste des places handicap libres<br \/>\n&#8211; g\u00e9rer le stationnement dans un parking prive ou public<\/p>\n","protected":false},"author":1,"featured_media":30890,"comment_status":"open","ping_status":"open","sticky":false,"template":"","format":"standard","meta":{"_et_pb_use_builder":"off","_et_pb_old_content":"","_et_gb_content_width":"","footnotes":""},"categories":[58],"tags":[113,87,111,139,112,136],"class_list":["post-30892","post","type-post","status-publish","format-standard","has-post-thumbnail","hentry","category-formation","tag-capteur","tag-iot","tag-nke","tag-smartcity","tag-watteco","tag-webinar"],"yoast_head":"<!-- This site is optimized with the Yoast SEO Premium plugin v25.7.1 (Yoast SEO v26.2) - https:\/\/yoast.com\/wordpress\/plugins\/seo\/ -->\n<title>Webinar - Capteurs connect\u00e9s NKE Watteco - juillet 2020 Airicom - Expert IoT et M2M depuis plus de 20 ans<\/title>\n<meta name=\"description\" content=\"D\u00e9couvrez lors ce ce Webinair enregistr\u00e9 en juillet 2020 les capteurs connect\u00e9s NKE Watteco, pour r\u00e9seau LoRaWAN ou SIgfox.\" \/>\n<meta name=\"robots\" content=\"index, follow, max-snippet:-1, max-image-preview:large, max-video-preview:-1\" \/>\n<link rel=\"canonical\" href=\"https:\/\/www.airicom.com\/blog\/formation\/webinar-capteurs-connectes-nke-watteco-juillet-2020\/\" \/>\n<meta name=\"twitter:card\" content=\"summary_large_image\" \/>\n<meta name=\"twitter:title\" content=\"Webinar - Capteurs connect\u00e9s NKE Watteco - juillet 2020 Airicom - Expert IoT et M2M depuis plus de 20 ans\" \/>\n<meta name=\"twitter:description\" content=\"D\u00e9couvrez lors ce ce Webinair enregistr\u00e9 en juillet 2020 les capteurs connect\u00e9s NKE Watteco, pour r\u00e9seau LoRaWAN ou SIgfox.\" \/>\n<meta name=\"twitter:image\" content=\"https:\/\/www.airicom.com\/blog\/wp-content\/uploads\/2020\/11\/nke-capteurs-connectes-intelligence.jpg\" \/>\n<meta name=\"twitter:creator\" content=\"@airicom3\" \/>\n<meta name=\"twitter:site\" content=\"@airicom3\" \/>\n<meta name=\"twitter:label1\" content=\"\u00c9crit par\" \/>\n\t<meta name=\"twitter:data1\" content=\"Bruno DUVAL\" \/>\n\t<meta name=\"twitter:label2\" content=\"Dur\u00e9e de lecture estim\u00e9e\" \/>\n\t<meta name=\"twitter:data2\" content=\"1 minute\" \/>\n<script type=\"application\/ld+json\" class=\"yoast-schema-graph\">{\"@context\":\"https:\/\/schema.org\",\"@graph\":[{\"@type\":\"Article\",\"@id\":\"https:\/\/www.airicom.com\/blog\/formation\/webinar-capteurs-connectes-nke-watteco-juillet-2020\/#article\",\"isPartOf\":{\"@id\":\"https:\/\/www.airicom.com\/blog\/formation\/webinar-capteurs-connectes-nke-watteco-juillet-2020\/\"},\"author\":{\"name\":\"Bruno DUVAL\",\"@id\":\"https:\/\/www.airicom.com\/blog\/#\/schema\/person\/3d7224647f371f8c62fccebc689bffcb\"},\"headline\":\"Webinar &#8211; Capteurs connect\u00e9s NKE Watteco &#8211; juillet 2020\",\"datePublished\":\"2020-07-20T10:10:00+00:00\",\"dateModified\":\"2021-03-09T13:24:14+00:00\",\"mainEntityOfPage\":{\"@id\":\"https:\/\/www.airicom.com\/blog\/formation\/webinar-capteurs-connectes-nke-watteco-juillet-2020\/\"},\"wordCount\":117,\"commentCount\":0,\"publisher\":{\"@id\":\"https:\/\/www.airicom.com\/blog\/#organization\"},\"image\":{\"@id\":\"https:\/\/www.airicom.com\/blog\/formation\/webinar-capteurs-connectes-nke-watteco-juillet-2020\/#primaryimage\"},\"thumbnailUrl\":\"https:\/\/www.airicom.com\/blog\/wp-content\/uploads\/2020\/11\/nke-capteurs-connectes-intelligence.jpg\",\"keywords\":[\"capteur\",\"iot\",\"nke\",\"smartcity\",\"watteco\",\"webinar\"],\"articleSection\":[\"Formation et salon\"],\"inLanguage\":\"fr-FR\",\"potentialAction\":[{\"@type\":\"CommentAction\",\"name\":\"Comment\",\"target\":[\"https:\/\/www.airicom.com\/blog\/formation\/webinar-capteurs-connectes-nke-watteco-juillet-2020\/#respond\"]}]},{\"@type\":\"WebPage\",\"@id\":\"https:\/\/www.airicom.com\/blog\/formation\/webinar-capteurs-connectes-nke-watteco-juillet-2020\/\",\"url\":\"https:\/\/www.airicom.com\/blog\/formation\/webinar-capteurs-connectes-nke-watteco-juillet-2020\/\",\"name\":\"Webinar - Capteurs connect\u00e9s NKE Watteco - juillet 2020 Airicom - Expert IoT et M2M depuis plus de 20 ans\",\"isPartOf\":{\"@id\":\"https:\/\/www.airicom.com\/blog\/#website\"},\"primaryImageOfPage\":{\"@id\":\"https:\/\/www.airicom.com\/blog\/formation\/webinar-capteurs-connectes-nke-watteco-juillet-2020\/#primaryimage\"},\"image\":{\"@id\":\"https:\/\/www.airicom.com\/blog\/formation\/webinar-capteurs-connectes-nke-watteco-juillet-2020\/#primaryimage\"},\"thumbnailUrl\":\"https:\/\/www.airicom.com\/blog\/wp-content\/uploads\/2020\/11\/nke-capteurs-connectes-intelligence.jpg\",\"datePublished\":\"2020-07-20T10:10:00+00:00\",\"dateModified\":\"2021-03-09T13:24:14+00:00\",\"description\":\"D\u00e9couvrez lors ce ce Webinair enregistr\u00e9 en juillet 2020 les capteurs connect\u00e9s NKE Watteco, pour r\u00e9seau LoRaWAN ou SIgfox.\",\"breadcrumb\":{\"@id\":\"https:\/\/www.airicom.com\/blog\/formation\/webinar-capteurs-connectes-nke-watteco-juillet-2020\/#breadcrumb\"},\"inLanguage\":\"fr-FR\",\"potentialAction\":[{\"@type\":\"ReadAction\",\"target\":[\"https:\/\/www.airicom.com\/blog\/formation\/webinar-capteurs-connectes-nke-watteco-juillet-2020\/\"]}]},{\"@type\":\"ImageObject\",\"inLanguage\":\"fr-FR\",\"@id\":\"https:\/\/www.airicom.com\/blog\/formation\/webinar-capteurs-connectes-nke-watteco-juillet-2020\/#primaryimage\",\"url\":\"https:\/\/www.airicom.com\/blog\/wp-content\/uploads\/2020\/11\/nke-capteurs-connectes-intelligence.jpg\",\"contentUrl\":\"https:\/\/www.airicom.com\/blog\/wp-content\/uploads\/2020\/11\/nke-capteurs-connectes-intelligence.jpg\",\"width\":2525,\"height\":1367,\"caption\":\"Capteurs connect\u00e9s NKE pour donner plus d'intelligence aux \u00e9quipements\"},{\"@type\":\"BreadcrumbList\",\"@id\":\"https:\/\/www.airicom.com\/blog\/formation\/webinar-capteurs-connectes-nke-watteco-juillet-2020\/#breadcrumb\",\"itemListElement\":[{\"@type\":\"ListItem\",\"position\":1,\"name\":\"Accueil\",\"item\":\"https:\/\/www.airicom.com\/blog\/\"},{\"@type\":\"ListItem\",\"position\":2,\"name\":\"Webinar &#8211; Capteurs connect\u00e9s NKE Watteco &#8211; juillet 2020\"}]},{\"@type\":\"WebSite\",\"@id\":\"https:\/\/www.airicom.com\/blog\/#website\",\"url\":\"https:\/\/www.airicom.com\/blog\/\",\"name\":\"Airicom - Expert IoT et M2M depuis plus de 20 ans\",\"description\":\"Airicom - Expert IoT et M2M depuis plus de 20 ans\",\"publisher\":{\"@id\":\"https:\/\/www.airicom.com\/blog\/#organization\"},\"potentialAction\":[{\"@type\":\"SearchAction\",\"target\":{\"@type\":\"EntryPoint\",\"urlTemplate\":\"https:\/\/www.airicom.com\/blog\/?s={search_term_string}\"},\"query-input\":{\"@type\":\"PropertyValueSpecification\",\"valueRequired\":true,\"valueName\":\"search_term_string\"}}],\"inLanguage\":\"fr-FR\"},{\"@type\":\"Organization\",\"@id\":\"https:\/\/www.airicom.com\/blog\/#organization\",\"name\":\"Airicom - Expert IoT et M2M depuis plus de 20 ans\",\"url\":\"https:\/\/www.airicom.com\/blog\/\",\"logo\":{\"@type\":\"ImageObject\",\"inLanguage\":\"fr-FR\",\"@id\":\"https:\/\/www.airicom.com\/blog\/#\/schema\/logo\/image\/\",\"url\":\"https:\/\/airicom.com\/blog\/wp-content\/uploads\/2020\/04\/logo-airicom-2020-200.jpg\",\"contentUrl\":\"https:\/\/airicom.com\/blog\/wp-content\/uploads\/2020\/04\/logo-airicom-2020-200.jpg\",\"width\":200,\"height\":37,\"caption\":\"Airicom - Expert IoT et M2M depuis plus de 20 ans\"},\"image\":{\"@id\":\"https:\/\/www.airicom.com\/blog\/#\/schema\/logo\/image\/\"},\"sameAs\":[\"https:\/\/x.com\/airicom3\",\"https:\/\/www.linkedin.com\/company\/airicom\/\",\"https:\/\/www.youtube.com\/channel\/UCcgCGMQdXFmPMTtJ_4bQQ6A\"]},{\"@type\":\"Person\",\"@id\":\"https:\/\/www.airicom.com\/blog\/#\/schema\/person\/3d7224647f371f8c62fccebc689bffcb\",\"name\":\"Bruno DUVAL\",\"image\":{\"@type\":\"ImageObject\",\"inLanguage\":\"fr-FR\",\"@id\":\"https:\/\/www.airicom.com\/blog\/#\/schema\/person\/image\/\",\"url\":\"https:\/\/secure.gravatar.com\/avatar\/5499267dfca70a0d4c8b2ad32a5eef0d02c107e493abc183035941f470cb2e73?s=96&d=mm&r=g\",\"contentUrl\":\"https:\/\/secure.gravatar.com\/avatar\/5499267dfca70a0d4c8b2ad32a5eef0d02c107e493abc183035941f470cb2e73?s=96&d=mm&r=g\",\"caption\":\"Bruno DUVAL\"},\"sameAs\":[\"http:\/\/www.airicom.capteranalyser.fr\/blog\"],\"url\":\"https:\/\/www.airicom.com\/blog\/author\/bruno-duval44gmail-com\/\"}]}<\/script>\n<!-- \/ Yoast SEO Premium plugin. -->","yoast_head_json":{"title":"Webinar - Capteurs connect\u00e9s NKE Watteco - juillet 2020 Airicom - Expert IoT et M2M depuis plus de 20 ans","description":"D\u00e9couvrez lors ce ce Webinair enregistr\u00e9 en juillet 2020 les capteurs connect\u00e9s NKE Watteco, pour r\u00e9seau LoRaWAN ou SIgfox.","robots":{"index":"index","follow":"follow","max-snippet":"max-snippet:-1","max-image-preview":"max-image-preview:large","max-video-preview":"max-video-preview:-1"},"canonical":"https:\/\/www.airicom.com\/blog\/formation\/webinar-capteurs-connectes-nke-watteco-juillet-2020\/","twitter_card":"summary_large_image","twitter_title":"Webinar - Capteurs connect\u00e9s NKE Watteco - juillet 2020 Airicom - Expert IoT et M2M depuis plus de 20 ans","twitter_description":"D\u00e9couvrez lors ce ce Webinair enregistr\u00e9 en juillet 2020 les capteurs connect\u00e9s NKE Watteco, pour r\u00e9seau LoRaWAN ou SIgfox.","twitter_image":"https:\/\/www.airicom.com\/blog\/wp-content\/uploads\/2020\/11\/nke-capteurs-connectes-intelligence.jpg","twitter_creator":"@airicom3","twitter_site":"@airicom3","twitter_misc":{"\u00c9crit par":"Bruno DUVAL","Dur\u00e9e de lecture estim\u00e9e":"1 minute"},"schema":{"@context":"https:\/\/schema.org","@graph":[{"@type":"Article","@id":"https:\/\/www.airicom.com\/blog\/formation\/webinar-capteurs-connectes-nke-watteco-juillet-2020\/#article","isPartOf":{"@id":"https:\/\/www.airicom.com\/blog\/formation\/webinar-capteurs-connectes-nke-watteco-juillet-2020\/"},"author":{"name":"Bruno DUVAL","@id":"https:\/\/www.airicom.com\/blog\/#\/schema\/person\/3d7224647f371f8c62fccebc689bffcb"},"headline":"Webinar &#8211; Capteurs connect\u00e9s NKE Watteco &#8211; juillet 2020","datePublished":"2020-07-20T10:10:00+00:00","dateModified":"2021-03-09T13:24:14+00:00","mainEntityOfPage":{"@id":"https:\/\/www.airicom.com\/blog\/formation\/webinar-capteurs-connectes-nke-watteco-juillet-2020\/"},"wordCount":117,"commentCount":0,"publisher":{"@id":"https:\/\/www.airicom.com\/blog\/#organization"},"image":{"@id":"https:\/\/www.airicom.com\/blog\/formation\/webinar-capteurs-connectes-nke-watteco-juillet-2020\/#primaryimage"},"thumbnailUrl":"https:\/\/www.airicom.com\/blog\/wp-content\/uploads\/2020\/11\/nke-capteurs-connectes-intelligence.jpg","keywords":["capteur","iot","nke","smartcity","watteco","webinar"],"articleSection":["Formation et salon"],"inLanguage":"fr-FR","potentialAction":[{"@type":"CommentAction","name":"Comment","target":["https:\/\/www.airicom.com\/blog\/formation\/webinar-capteurs-connectes-nke-watteco-juillet-2020\/#respond"]}]},{"@type":"WebPage","@id":"https:\/\/www.airicom.com\/blog\/formation\/webinar-capteurs-connectes-nke-watteco-juillet-2020\/","url":"https:\/\/www.airicom.com\/blog\/formation\/webinar-capteurs-connectes-nke-watteco-juillet-2020\/","name":"Webinar - Capteurs connect\u00e9s NKE Watteco - juillet 2020 Airicom - Expert IoT et M2M depuis plus de 20 ans","isPartOf":{"@id":"https:\/\/www.airicom.com\/blog\/#website"},"primaryImageOfPage":{"@id":"https:\/\/www.airicom.com\/blog\/formation\/webinar-capteurs-connectes-nke-watteco-juillet-2020\/#primaryimage"},"image":{"@id":"https:\/\/www.airicom.com\/blog\/formation\/webinar-capteurs-connectes-nke-watteco-juillet-2020\/#primaryimage"},"thumbnailUrl":"https:\/\/www.airicom.com\/blog\/wp-content\/uploads\/2020\/11\/nke-capteurs-connectes-intelligence.jpg","datePublished":"2020-07-20T10:10:00+00:00","dateModified":"2021-03-09T13:24:14+00:00","description":"D\u00e9couvrez lors ce ce Webinair enregistr\u00e9 en juillet 2020 les capteurs connect\u00e9s NKE Watteco, pour r\u00e9seau LoRaWAN ou SIgfox.","breadcrumb":{"@id":"https:\/\/www.airicom.com\/blog\/formation\/webinar-capteurs-connectes-nke-watteco-juillet-2020\/#breadcrumb"},"inLanguage":"fr-FR","potentialAction":[{"@type":"ReadAction","target":["https:\/\/www.airicom.com\/blog\/formation\/webinar-capteurs-connectes-nke-watteco-juillet-2020\/"]}]},{"@type":"ImageObject","inLanguage":"fr-FR","@id":"https:\/\/www.airicom.com\/blog\/formation\/webinar-capteurs-connectes-nke-watteco-juillet-2020\/#primaryimage","url":"https:\/\/www.airicom.com\/blog\/wp-content\/uploads\/2020\/11\/nke-capteurs-connectes-intelligence.jpg","contentUrl":"https:\/\/www.airicom.com\/blog\/wp-content\/uploads\/2020\/11\/nke-capteurs-connectes-intelligence.jpg","width":2525,"height":1367,"caption":"Capteurs connect\u00e9s NKE pour donner plus d'intelligence aux \u00e9quipements"},{"@type":"BreadcrumbList","@id":"https:\/\/www.airicom.com\/blog\/formation\/webinar-capteurs-connectes-nke-watteco-juillet-2020\/#breadcrumb","itemListElement":[{"@type":"ListItem","position":1,"name":"Accueil","item":"https:\/\/www.airicom.com\/blog\/"},{"@type":"ListItem","position":2,"name":"Webinar &#8211; Capteurs connect\u00e9s NKE Watteco &#8211; juillet 2020"}]},{"@type":"WebSite","@id":"https:\/\/www.airicom.com\/blog\/#website","url":"https:\/\/www.airicom.com\/blog\/","name":"Airicom - Expert IoT et M2M depuis plus de 20 ans","description":"Airicom - Expert IoT et M2M depuis plus de 20 ans","publisher":{"@id":"https:\/\/www.airicom.com\/blog\/#organization"},"potentialAction":[{"@type":"SearchAction","target":{"@type":"EntryPoint","urlTemplate":"https:\/\/www.airicom.com\/blog\/?s={search_term_string}"},"query-input":{"@type":"PropertyValueSpecification","valueRequired":true,"valueName":"search_term_string"}}],"inLanguage":"fr-FR"},{"@type":"Organization","@id":"https:\/\/www.airicom.com\/blog\/#organization","name":"Airicom - Expert IoT et M2M depuis plus de 20 ans","url":"https:\/\/www.airicom.com\/blog\/","logo":{"@type":"ImageObject","inLanguage":"fr-FR","@id":"https:\/\/www.airicom.com\/blog\/#\/schema\/logo\/image\/","url":"https:\/\/airicom.com\/blog\/wp-content\/uploads\/2020\/04\/logo-airicom-2020-200.jpg","contentUrl":"https:\/\/airicom.com\/blog\/wp-content\/uploads\/2020\/04\/logo-airicom-2020-200.jpg","width":200,"height":37,"caption":"Airicom - Expert IoT et M2M depuis plus de 20 ans"},"image":{"@id":"https:\/\/www.airicom.com\/blog\/#\/schema\/logo\/image\/"},"sameAs":["https:\/\/x.com\/airicom3","https:\/\/www.linkedin.com\/company\/airicom\/","https:\/\/www.youtube.com\/channel\/UCcgCGMQdXFmPMTtJ_4bQQ6A"]},{"@type":"Person","@id":"https:\/\/www.airicom.com\/blog\/#\/schema\/person\/3d7224647f371f8c62fccebc689bffcb","name":"Bruno DUVAL","image":{"@type":"ImageObject","inLanguage":"fr-FR","@id":"https:\/\/www.airicom.com\/blog\/#\/schema\/person\/image\/","url":"https:\/\/secure.gravatar.com\/avatar\/5499267dfca70a0d4c8b2ad32a5eef0d02c107e493abc183035941f470cb2e73?s=96&d=mm&r=g","contentUrl":"https:\/\/secure.gravatar.com\/avatar\/5499267dfca70a0d4c8b2ad32a5eef0d02c107e493abc183035941f470cb2e73?s=96&d=mm&r=g","caption":"Bruno DUVAL"},"sameAs":["http:\/\/www.airicom.capteranalyser.fr\/blog"],"url":"https:\/\/www.airicom.com\/blog\/author\/bruno-duval44gmail-com\/"}]}},"_links":{"self":[{"href":"https:\/\/www.airicom.com\/blog\/wp-json\/wp\/v2\/posts\/30892","targetHints":{"allow":["GET"]}}],"collection":[{"href":"https:\/\/www.airicom.com\/blog\/wp-json\/wp\/v2\/posts"}],"about":[{"href":"https:\/\/www.airicom.com\/blog\/wp-json\/wp\/v2\/types\/post"}],"author":[{"embeddable":true,"href":"https:\/\/www.airicom.com\/blog\/wp-json\/wp\/v2\/users\/1"}],"replies":[{"embeddable":true,"href":"https:\/\/www.airicom.com\/blog\/wp-json\/wp\/v2\/comments?post=30892"}],"version-history":[{"count":2,"href":"https:\/\/www.airicom.com\/blog\/wp-json\/wp\/v2\/posts\/30892\/revisions"}],"predecessor-version":[{"id":31533,"href":"https:\/\/www.airicom.com\/blog\/wp-json\/wp\/v2\/posts\/30892\/revisions\/31533"}],"wp:featuredmedia":[{"embeddable":true,"href":"https:\/\/www.airicom.com\/blog\/wp-json\/wp\/v2\/media\/30890"}],"wp:attachment":[{"href":"https:\/\/www.airicom.com\/blog\/wp-json\/wp\/v2\/media?parent=30892"}],"wp:term":[{"taxonomy":"category","embeddable":true,"href":"https:\/\/www.airicom.com\/blog\/wp-json\/wp\/v2\/categories?post=30892"},{"taxonomy":"post_tag","embeddable":true,"href":"https:\/\/www.airicom.com\/blog\/wp-json\/wp\/v2\/tags?post=30892"}],"curies":[{"name":"wp","href":"https:\/\/api.w.org\/{rel}","templated":true}]}}