{"id":31789,"date":"2021-07-08T17:59:27","date_gmt":"2021-07-08T15:59:27","guid":{"rendered":"https:\/\/airicom.com\/blog\/?p=31789"},"modified":"2021-11-24T12:26:07","modified_gmt":"2021-11-24T11:26:07","slug":"pourquoi-et-comment-monitorer-la-qualite-de-lair-interieur-qai-dans-les-batiments","status":"publish","type":"post","link":"https:\/\/www.airicom.com\/blog\/actualite-airicom\/pourquoi-et-comment-monitorer-la-qualite-de-lair-interieur-qai-dans-les-batiments\/","title":{"rendered":"Pourquoi et comment monitorer la qualit\u00e9 de l&#8217;air int\u00e9rieur (QAI) dans les b\u00e2timents ?"},"content":{"rendered":"\n<div class=\"wp-block-buttons is-layout-flex wp-block-buttons-is-layout-flex\">\n<div class=\"wp-block-button\"><a class=\"wp-block-button__link has-background\" href=\"https:\/\/airicom.com\/1352-capteur-qualite-de-l-air-interieur-qai-\" style=\"background-color:#207008\">Nos capteurs sans fil pour analyser la qualit\u00e9 de l&#8217;air <\/a><\/div>\n<\/div>\n\n\n\n<h2 class=\"wp-block-heading\">L&#8217;importance de la surveillance de la qualit\u00e9 de l&#8217;air int\u00e9rieur<\/h2>\n\n\n\n<p>Dans les espaces clos, la qualit\u00e9 de l&#8217;air peut \u00eatre compromise principalement en raison d&#8217;une mauvaise ventilation qui entra\u00eene une accumulation de CO2 ou d&#8217;autres contaminants provenant de diverses sources.<br>Hors nous passons la plus grande partie de notre temps dans des espaces clos, c\u2019est pourquoi il est important de monitorer la qualit\u00e9 de l\u2019air \u00e0 l\u2019int\u00e9rieur des b\u00e2timents \u00e0 l&#8217;aide de <a href=\"https:\/\/airicom.com\/1352-capteur-co2-qai\">capteurs QAI<\/a>. Outre les polluants apport\u00e9s par l\u2019ext\u00e9rieur, de nombreuses substances toxiques trouvent leur source \u00e0 l\u2019int\u00e9rieur m\u00eame des locaux. Ces polluants agissent sur notre sant\u00e9 : asthme, allergies respiratoires, irritation du nez et des voies respiratoires, et certaines substances peuvent avoir un effet canc\u00e9rig\u00e8ne.<br>A cette pollution il convient d&#8217;ajouter les risques de contamination li\u00e9s aux maladies a\u00e9roport\u00e9es, comme la Covid-19 ( voir \u00e0 ce sujet &#8220;<a href=\"https:\/\/airicom.com\/blog\/covid-19-climatisation-6-mesures-prevention\/\" class=\"broken_link\">Comment pr\u00e9venir les risques li\u00e9s \u00e0 la Covid-19 en ventilant ?&#8221;<\/a>).<br>Il est donc important de surveiller la qualit\u00e9 de l&#8217;air dans les lieux qui accueillent du public.<\/p>\n\n\n\n<figure class=\"wp-block-image size-large\"><img fetchpriority=\"high\" fetchpriority=\"high\" decoding=\"async\" width=\"1024\" height=\"681\" src=\"https:\/\/airicom.com\/blog\/wp-content\/uploads\/2021\/07\/infographie-QAI-1024x681.jpg\" alt=\"Surveiller la qualit\u00e9 de l'air QAI\" class=\"wp-image-31790\" srcset=\"https:\/\/airicom.com\/blog\/wp-content\/uploads\/2021\/07\/infographie-QAI-1024x681.jpg 1024w, https:\/\/airicom.com\/blog\/wp-content\/uploads\/2021\/07\/infographie-QAI-980x652.jpg 980w, https:\/\/airicom.com\/blog\/wp-content\/uploads\/2021\/07\/infographie-QAI-480x319.jpg 480w\" sizes=\"(min-width: 0px) and (max-width: 480px) 480px, (min-width: 481px) and (max-width: 980px) 980px, (min-width: 981px) 1024px, 100vw\" \/><figcaption>De multiples facteurs contribuent \u00e0 la pollution de l&#8217;air int\u00e9rieur<\/figcaption><\/figure>\n\n\n\n<h2 class=\"wp-block-heading\">La surveillance de la QAI rendue obligatoire <\/h2>\n\n\n\n<p>En France, on estime \u00e0 19 milliards d\u2019euros par an le co\u00fbt de la mauvaise qualit\u00e9 de l\u2019air int\u00e9rieur. Les politiques ont donc d\u00e9cid\u00e9 de prendre le sujet en main ; de ce fait la surveillance de la QAI est devenue obligatoire dans de nombreux \u00e9tablissements recevant du public&nbsp;:<\/p>\n\n\n\n<ul class=\"wp-block-list\"><li>depuis le 1er janvier 2018&nbsp;: dans les lieux d\u2019accueil des enfants de moins de 6 ans (cr\u00e8ches, \u00e9coles maternelles\u2026) et \u00e9coles primaires. En effet les jeunes enfants sont particuli\u00e8rement sensibles \u00e0 la QAI du fait de leurs syst\u00e8mes immunitaire et respiratoire en d\u00e9veloppement.<\/li><li>avant 1er janvier 2020&nbsp;: dans les coll\u00e8ges, lyc\u00e9es et accueils de loisirs<\/li><li>au plus tard le 1er janvier 2023 : les autres ERP ( \u00e9tablissement recevant du public) recevant un public sensible<\/li><\/ul>\n\n\n\n<h2 class=\"wp-block-heading\">Comment monitorer la qualit\u00e9 de l&#8217;air ? <\/h2>\n\n\n\n<p>La loi pr\u00e9voit deux obligations :<\/p>\n\n\n\n<ul class=\"wp-block-list\"><li>une \u00e9valuation des moyens d\u2019a\u00e9ration (qui peut \u00eatre effectu\u00e9e par les services techniques de l\u2019\u00e9tablissement)<\/li><li>une auto\u00e9valuation de la qualit\u00e9 de l\u2019air ( ou une campagne de mesures de polluants par un organisme accr\u00e9dit\u00e9)<\/li><\/ul>\n\n\n\n<h2 class=\"wp-block-heading\">L&#8217;IoT une solution simple et performante pour monitorer la qualit\u00e9 de l&#8217;air (et prot\u00e9ger le public sensible)<\/h2>\n\n\n\n<p>Les objets de l&#8217;Internet (IoT) comprennent des capteurs sans fil de 80 types diff\u00e9rents. Ces capteurs mesurent de nombreuses donn\u00e9es comme temp\u00e9rature, humidit\u00e9, taille et concentration des particules fines, pr\u00e9sence, niveau de liquide dans une cuve, etc&#8230;<br>Parce qu&#8217;ils sont sans fil ces capteurs sont rapides et peu couteux \u00e0 installer. Ils utilisent le r\u00e9seau basse consommation LoRaWAN pour communiquer et ont de ce fait une autonomie de plusieurs ann\u00e9es. <br><br>Parmi ces capteurs on trouve un objet de l&#8217;internet d\u00e9di\u00e9 \u00e0 la surveillance de l&#8217;air qui contient non pas un mais sept capteurs diff\u00e9rents. En effet le capteur Vaqa\u2019O+ mesure  la<strong> temp\u00e9rature<\/strong>, l\u2019<strong>humidit\u00e9<\/strong> relative, la <strong>pression<\/strong> atmosph\u00e9rique, la concentration en Compos\u00e9s Organiques Volatiles (<strong>COV<\/strong>) et en Dioxyde de Carbone (<strong>CO2<\/strong>) dans l\u2019air ambiant d\u2019une pi\u00e8ce d\u2019un ERP. En outre Vaqa\u2019O+ permet de surveiller la Qualit\u00e9 de l\u2019Air Int\u00e9rieur (QAI) en fonction de la pr\u00e9sence de personnes gr\u00e2ce \u00e0 la double d\u00e9tection de <strong>luminosit\u00e9<\/strong> (\u00e9clairage) et du <strong>mouvement de personne <\/strong>(PIR) dans la pi\u00e8ce.<\/p>\n\n\n\n<h2 class=\"wp-block-heading\">Le co\u00fbt d&#8217;un syst\u00e8me IoT pour la QAI<\/h2>\n\n\n\n<p>Bien param\u00e9tr\u00e9 un syst\u00e8me de surveillance IoT  g\u00e9n\u00e8re plus d&#8217;\u00e9conomies que de co\u00fbts. Par exemple il permet d&#8217;\u00eatre alert\u00e9 si la climatisation est en marche alors que la fen\u00eatre est ouverte ou si la lumi\u00e8re est allum\u00e9e dans une pi\u00e8ce inoccup\u00e9e.  <\/p>\n\n\n\n<div class=\"wp-block-buttons is-layout-flex wp-block-buttons-is-layout-flex\">\n<div class=\"wp-block-button\"><a class=\"wp-block-button__link has-white-color has-vivid-red-background-color has-text-color has-background broken_link\" href=\"https:\/\/airicom.com\/content\/13-demander-un-devis-ou-un-conseil\" target=\"_blank\" rel=\"noreferrer noopener\">Je souhaite un devis <\/a><\/div>\n<\/div>\n\n\n\n<figure class=\"wp-block-image size-large\"><a href=\"https:\/\/airicom.com\/nke-watteco\/7160-50-70-074-nke-watteco-capteur-qualite-air-vaqao-plus-lora.html\"><img decoding=\"async\" width=\"1024\" height=\"683\" src=\"https:\/\/airicom.com\/blog\/wp-content\/uploads\/2021\/02\/NKE-WATTECO-VAQAO-GARE-1024x683.jpg\" alt=\"Capteur qualit\u00e9 de l'air dans un lieu public - la surveillance de la QAI est obligatoire \u00e0 partir du 1 janvier 2023\" class=\"wp-image-31407\" srcset=\"https:\/\/airicom.com\/blog\/wp-content\/uploads\/2021\/02\/NKE-WATTECO-VAQAO-GARE-980x653.jpg 980w, https:\/\/airicom.com\/blog\/wp-content\/uploads\/2021\/02\/NKE-WATTECO-VAQAO-GARE-480x320.jpg 480w\" sizes=\"(min-width: 0px) and (max-width: 480px) 480px, (min-width: 481px) and (max-width: 980px) 980px, (min-width: 981px) 1024px, 100vw\" \/><\/a><figcaption>Capteur VAQA&#8217;O + pour surveiller la qualit\u00e9 de l&#8217;air et la pr\u00e9sence de personnes<\/figcaption><\/figure>\n\n\n\n<div class=\"wp-block-buttons is-layout-flex wp-block-buttons-is-layout-flex\"><\/div>\n","protected":false},"excerpt":{"rendered":"<p>L&#8217;importance de la surveillance de la qualit\u00e9 de l&#8217;air int\u00e9rieur Dans les espaces clos, la qualit\u00e9 de l&#8217;air peut \u00eatre compromise principalement en raison d&#8217;une mauvaise ventilation qui entra\u00eene une accumulation de CO2 ou d&#8217;autres contaminants provenant de diverses sources.Hors nous passons la plus grande partie de notre temps dans des espaces clos, c\u2019est pourquoi [&hellip;]<\/p>\n","protected":false},"author":1,"featured_media":31790,"comment_status":"open","ping_status":"open","sticky":true,"template":"","format":"standard","meta":{"_et_pb_use_builder":"off","_et_pb_old_content":"","_et_gb_content_width":"","footnotes":""},"categories":[77,231],"tags":[233,232],"class_list":["post-31789","post","type-post","status-publish","format-standard","has-post-thumbnail","hentry","category-actualite-airicom","category-surveillance-qai","tag-pir","tag-qai"],"yoast_head":"<!-- This site is optimized with the Yoast SEO Premium plugin v25.7.1 (Yoast SEO v26.2) - https:\/\/yoast.com\/wordpress\/plugins\/seo\/ -->\n<title>Pourquoi et comment monitorer la qualit\u00e9 de l&#039;air int\u00e9rieur (QAI) dans les b\u00e2timents ? - Airicom - Expert IoT et M2M depuis plus de 20 ans<\/title>\n<meta name=\"robots\" content=\"index, follow, max-snippet:-1, max-image-preview:large, max-video-preview:-1\" \/>\n<link rel=\"canonical\" href=\"https:\/\/www.airicom.com\/blog\/actualite-airicom\/pourquoi-et-comment-monitorer-la-qualite-de-lair-interieur-qai-dans-les-batiments\/\" \/>\n<meta name=\"twitter:card\" content=\"summary_large_image\" \/>\n<meta name=\"twitter:title\" content=\"Pourquoi et comment monitorer la qualit\u00e9 de l&#039;air int\u00e9rieur (QAI) dans les b\u00e2timents ? - Airicom - Expert IoT et M2M depuis plus de 20 ans\" \/>\n<meta name=\"twitter:description\" content=\"L&#8217;importance de la surveillance de la qualit\u00e9 de l&#8217;air int\u00e9rieur Dans les espaces clos, la qualit\u00e9 de l&#8217;air peut \u00eatre compromise principalement en raison d&#8217;une mauvaise ventilation qui entra\u00eene une accumulation de CO2 ou d&#8217;autres contaminants provenant de diverses sources.Hors nous passons la plus grande partie de notre temps dans des espaces clos, c\u2019est pourquoi [&hellip;]\" \/>\n<meta name=\"twitter:image\" content=\"https:\/\/www.airicom.com\/blog\/wp-content\/uploads\/2021\/07\/infographie-QAI.jpg\" \/>\n<meta name=\"twitter:creator\" content=\"@airicom3\" \/>\n<meta name=\"twitter:site\" content=\"@airicom3\" \/>\n<meta name=\"twitter:label1\" content=\"\u00c9crit par\" \/>\n\t<meta name=\"twitter:data1\" content=\"Bruno DUVAL\" \/>\n\t<meta name=\"twitter:label2\" content=\"Dur\u00e9e de lecture estim\u00e9e\" \/>\n\t<meta name=\"twitter:data2\" content=\"4 minutes\" \/>\n<script type=\"application\/ld+json\" class=\"yoast-schema-graph\">{\"@context\":\"https:\/\/schema.org\",\"@graph\":[{\"@type\":\"Article\",\"@id\":\"https:\/\/www.airicom.com\/blog\/actualite-airicom\/pourquoi-et-comment-monitorer-la-qualite-de-lair-interieur-qai-dans-les-batiments\/#article\",\"isPartOf\":{\"@id\":\"https:\/\/www.airicom.com\/blog\/actualite-airicom\/pourquoi-et-comment-monitorer-la-qualite-de-lair-interieur-qai-dans-les-batiments\/\"},\"author\":{\"name\":\"Bruno DUVAL\",\"@id\":\"https:\/\/www.airicom.com\/blog\/#\/schema\/person\/3d7224647f371f8c62fccebc689bffcb\"},\"headline\":\"Pourquoi et comment monitorer la qualit\u00e9 de l&#8217;air int\u00e9rieur (QAI) dans les b\u00e2timents ?\",\"datePublished\":\"2021-07-08T15:59:27+00:00\",\"dateModified\":\"2021-11-24T11:26:07+00:00\",\"mainEntityOfPage\":{\"@id\":\"https:\/\/www.airicom.com\/blog\/actualite-airicom\/pourquoi-et-comment-monitorer-la-qualite-de-lair-interieur-qai-dans-les-batiments\/\"},\"wordCount\":705,\"commentCount\":0,\"publisher\":{\"@id\":\"https:\/\/www.airicom.com\/blog\/#organization\"},\"image\":{\"@id\":\"https:\/\/www.airicom.com\/blog\/actualite-airicom\/pourquoi-et-comment-monitorer-la-qualite-de-lair-interieur-qai-dans-les-batiments\/#primaryimage\"},\"thumbnailUrl\":\"https:\/\/www.airicom.com\/blog\/wp-content\/uploads\/2021\/07\/infographie-QAI.jpg\",\"keywords\":[\"pir\",\"qai\"],\"articleSection\":[\"Actualit\u00e9\",\"Surveillance QAI\"],\"inLanguage\":\"fr-FR\",\"potentialAction\":[{\"@type\":\"CommentAction\",\"name\":\"Comment\",\"target\":[\"https:\/\/www.airicom.com\/blog\/actualite-airicom\/pourquoi-et-comment-monitorer-la-qualite-de-lair-interieur-qai-dans-les-batiments\/#respond\"]}]},{\"@type\":\"WebPage\",\"@id\":\"https:\/\/www.airicom.com\/blog\/actualite-airicom\/pourquoi-et-comment-monitorer-la-qualite-de-lair-interieur-qai-dans-les-batiments\/\",\"url\":\"https:\/\/www.airicom.com\/blog\/actualite-airicom\/pourquoi-et-comment-monitorer-la-qualite-de-lair-interieur-qai-dans-les-batiments\/\",\"name\":\"Pourquoi et comment monitorer la qualit\u00e9 de l'air int\u00e9rieur (QAI) dans les b\u00e2timents ? - Airicom - Expert IoT et M2M depuis plus de 20 ans\",\"isPartOf\":{\"@id\":\"https:\/\/www.airicom.com\/blog\/#website\"},\"primaryImageOfPage\":{\"@id\":\"https:\/\/www.airicom.com\/blog\/actualite-airicom\/pourquoi-et-comment-monitorer-la-qualite-de-lair-interieur-qai-dans-les-batiments\/#primaryimage\"},\"image\":{\"@id\":\"https:\/\/www.airicom.com\/blog\/actualite-airicom\/pourquoi-et-comment-monitorer-la-qualite-de-lair-interieur-qai-dans-les-batiments\/#primaryimage\"},\"thumbnailUrl\":\"https:\/\/www.airicom.com\/blog\/wp-content\/uploads\/2021\/07\/infographie-QAI.jpg\",\"datePublished\":\"2021-07-08T15:59:27+00:00\",\"dateModified\":\"2021-11-24T11:26:07+00:00\",\"breadcrumb\":{\"@id\":\"https:\/\/www.airicom.com\/blog\/actualite-airicom\/pourquoi-et-comment-monitorer-la-qualite-de-lair-interieur-qai-dans-les-batiments\/#breadcrumb\"},\"inLanguage\":\"fr-FR\",\"potentialAction\":[{\"@type\":\"ReadAction\",\"target\":[\"https:\/\/www.airicom.com\/blog\/actualite-airicom\/pourquoi-et-comment-monitorer-la-qualite-de-lair-interieur-qai-dans-les-batiments\/\"]}]},{\"@type\":\"ImageObject\",\"inLanguage\":\"fr-FR\",\"@id\":\"https:\/\/www.airicom.com\/blog\/actualite-airicom\/pourquoi-et-comment-monitorer-la-qualite-de-lair-interieur-qai-dans-les-batiments\/#primaryimage\",\"url\":\"https:\/\/www.airicom.com\/blog\/wp-content\/uploads\/2021\/07\/infographie-QAI.jpg\",\"contentUrl\":\"https:\/\/www.airicom.com\/blog\/wp-content\/uploads\/2021\/07\/infographie-QAI.jpg\",\"width\":1280,\"height\":851,\"caption\":\"Surveiller la qualit\u00e9 de l'air QAI\"},{\"@type\":\"BreadcrumbList\",\"@id\":\"https:\/\/www.airicom.com\/blog\/actualite-airicom\/pourquoi-et-comment-monitorer-la-qualite-de-lair-interieur-qai-dans-les-batiments\/#breadcrumb\",\"itemListElement\":[{\"@type\":\"ListItem\",\"position\":1,\"name\":\"Accueil\",\"item\":\"https:\/\/www.airicom.com\/blog\/\"},{\"@type\":\"ListItem\",\"position\":2,\"name\":\"Pourquoi et comment monitorer la qualit\u00e9 de l&#8217;air int\u00e9rieur (QAI) dans les b\u00e2timents ?\"}]},{\"@type\":\"WebSite\",\"@id\":\"https:\/\/www.airicom.com\/blog\/#website\",\"url\":\"https:\/\/www.airicom.com\/blog\/\",\"name\":\"Airicom - Expert IoT et M2M depuis plus de 20 ans\",\"description\":\"Airicom - Expert IoT et M2M depuis plus de 20 ans\",\"publisher\":{\"@id\":\"https:\/\/www.airicom.com\/blog\/#organization\"},\"potentialAction\":[{\"@type\":\"SearchAction\",\"target\":{\"@type\":\"EntryPoint\",\"urlTemplate\":\"https:\/\/www.airicom.com\/blog\/?s={search_term_string}\"},\"query-input\":{\"@type\":\"PropertyValueSpecification\",\"valueRequired\":true,\"valueName\":\"search_term_string\"}}],\"inLanguage\":\"fr-FR\"},{\"@type\":\"Organization\",\"@id\":\"https:\/\/www.airicom.com\/blog\/#organization\",\"name\":\"Airicom - Expert IoT et M2M depuis plus de 20 ans\",\"url\":\"https:\/\/www.airicom.com\/blog\/\",\"logo\":{\"@type\":\"ImageObject\",\"inLanguage\":\"fr-FR\",\"@id\":\"https:\/\/www.airicom.com\/blog\/#\/schema\/logo\/image\/\",\"url\":\"https:\/\/airicom.com\/blog\/wp-content\/uploads\/2020\/04\/logo-airicom-2020-200.jpg\",\"contentUrl\":\"https:\/\/airicom.com\/blog\/wp-content\/uploads\/2020\/04\/logo-airicom-2020-200.jpg\",\"width\":200,\"height\":37,\"caption\":\"Airicom - Expert IoT et M2M depuis plus de 20 ans\"},\"image\":{\"@id\":\"https:\/\/www.airicom.com\/blog\/#\/schema\/logo\/image\/\"},\"sameAs\":[\"https:\/\/x.com\/airicom3\",\"https:\/\/www.linkedin.com\/company\/airicom\/\",\"https:\/\/www.youtube.com\/channel\/UCcgCGMQdXFmPMTtJ_4bQQ6A\"]},{\"@type\":\"Person\",\"@id\":\"https:\/\/www.airicom.com\/blog\/#\/schema\/person\/3d7224647f371f8c62fccebc689bffcb\",\"name\":\"Bruno DUVAL\",\"image\":{\"@type\":\"ImageObject\",\"inLanguage\":\"fr-FR\",\"@id\":\"https:\/\/www.airicom.com\/blog\/#\/schema\/person\/image\/\",\"url\":\"https:\/\/secure.gravatar.com\/avatar\/5499267dfca70a0d4c8b2ad32a5eef0d02c107e493abc183035941f470cb2e73?s=96&d=mm&r=g\",\"contentUrl\":\"https:\/\/secure.gravatar.com\/avatar\/5499267dfca70a0d4c8b2ad32a5eef0d02c107e493abc183035941f470cb2e73?s=96&d=mm&r=g\",\"caption\":\"Bruno DUVAL\"},\"sameAs\":[\"http:\/\/www.airicom.capteranalyser.fr\/blog\"],\"url\":\"https:\/\/www.airicom.com\/blog\/author\/bruno-duval44gmail-com\/\"}]}<\/script>\n<!-- \/ Yoast SEO Premium plugin. -->","yoast_head_json":{"title":"Pourquoi et comment monitorer la qualit\u00e9 de l'air int\u00e9rieur (QAI) dans les b\u00e2timents ? - Airicom - Expert IoT et M2M depuis plus de 20 ans","robots":{"index":"index","follow":"follow","max-snippet":"max-snippet:-1","max-image-preview":"max-image-preview:large","max-video-preview":"max-video-preview:-1"},"canonical":"https:\/\/www.airicom.com\/blog\/actualite-airicom\/pourquoi-et-comment-monitorer-la-qualite-de-lair-interieur-qai-dans-les-batiments\/","twitter_card":"summary_large_image","twitter_title":"Pourquoi et comment monitorer la qualit\u00e9 de l'air int\u00e9rieur (QAI) dans les b\u00e2timents ? - Airicom - Expert IoT et M2M depuis plus de 20 ans","twitter_description":"L&#8217;importance de la surveillance de la qualit\u00e9 de l&#8217;air int\u00e9rieur Dans les espaces clos, la qualit\u00e9 de l&#8217;air peut \u00eatre compromise principalement en raison d&#8217;une mauvaise ventilation qui entra\u00eene une accumulation de CO2 ou d&#8217;autres contaminants provenant de diverses sources.Hors nous passons la plus grande partie de notre temps dans des espaces clos, c\u2019est pourquoi [&hellip;]","twitter_image":"https:\/\/www.airicom.com\/blog\/wp-content\/uploads\/2021\/07\/infographie-QAI.jpg","twitter_creator":"@airicom3","twitter_site":"@airicom3","twitter_misc":{"\u00c9crit par":"Bruno DUVAL","Dur\u00e9e de lecture estim\u00e9e":"4 minutes"},"schema":{"@context":"https:\/\/schema.org","@graph":[{"@type":"Article","@id":"https:\/\/www.airicom.com\/blog\/actualite-airicom\/pourquoi-et-comment-monitorer-la-qualite-de-lair-interieur-qai-dans-les-batiments\/#article","isPartOf":{"@id":"https:\/\/www.airicom.com\/blog\/actualite-airicom\/pourquoi-et-comment-monitorer-la-qualite-de-lair-interieur-qai-dans-les-batiments\/"},"author":{"name":"Bruno DUVAL","@id":"https:\/\/www.airicom.com\/blog\/#\/schema\/person\/3d7224647f371f8c62fccebc689bffcb"},"headline":"Pourquoi et comment monitorer la qualit\u00e9 de l&#8217;air int\u00e9rieur (QAI) dans les b\u00e2timents ?","datePublished":"2021-07-08T15:59:27+00:00","dateModified":"2021-11-24T11:26:07+00:00","mainEntityOfPage":{"@id":"https:\/\/www.airicom.com\/blog\/actualite-airicom\/pourquoi-et-comment-monitorer-la-qualite-de-lair-interieur-qai-dans-les-batiments\/"},"wordCount":705,"commentCount":0,"publisher":{"@id":"https:\/\/www.airicom.com\/blog\/#organization"},"image":{"@id":"https:\/\/www.airicom.com\/blog\/actualite-airicom\/pourquoi-et-comment-monitorer-la-qualite-de-lair-interieur-qai-dans-les-batiments\/#primaryimage"},"thumbnailUrl":"https:\/\/www.airicom.com\/blog\/wp-content\/uploads\/2021\/07\/infographie-QAI.jpg","keywords":["pir","qai"],"articleSection":["Actualit\u00e9","Surveillance QAI"],"inLanguage":"fr-FR","potentialAction":[{"@type":"CommentAction","name":"Comment","target":["https:\/\/www.airicom.com\/blog\/actualite-airicom\/pourquoi-et-comment-monitorer-la-qualite-de-lair-interieur-qai-dans-les-batiments\/#respond"]}]},{"@type":"WebPage","@id":"https:\/\/www.airicom.com\/blog\/actualite-airicom\/pourquoi-et-comment-monitorer-la-qualite-de-lair-interieur-qai-dans-les-batiments\/","url":"https:\/\/www.airicom.com\/blog\/actualite-airicom\/pourquoi-et-comment-monitorer-la-qualite-de-lair-interieur-qai-dans-les-batiments\/","name":"Pourquoi et comment monitorer la qualit\u00e9 de l'air int\u00e9rieur (QAI) dans les b\u00e2timents ? - Airicom - Expert IoT et M2M depuis plus de 20 ans","isPartOf":{"@id":"https:\/\/www.airicom.com\/blog\/#website"},"primaryImageOfPage":{"@id":"https:\/\/www.airicom.com\/blog\/actualite-airicom\/pourquoi-et-comment-monitorer-la-qualite-de-lair-interieur-qai-dans-les-batiments\/#primaryimage"},"image":{"@id":"https:\/\/www.airicom.com\/blog\/actualite-airicom\/pourquoi-et-comment-monitorer-la-qualite-de-lair-interieur-qai-dans-les-batiments\/#primaryimage"},"thumbnailUrl":"https:\/\/www.airicom.com\/blog\/wp-content\/uploads\/2021\/07\/infographie-QAI.jpg","datePublished":"2021-07-08T15:59:27+00:00","dateModified":"2021-11-24T11:26:07+00:00","breadcrumb":{"@id":"https:\/\/www.airicom.com\/blog\/actualite-airicom\/pourquoi-et-comment-monitorer-la-qualite-de-lair-interieur-qai-dans-les-batiments\/#breadcrumb"},"inLanguage":"fr-FR","potentialAction":[{"@type":"ReadAction","target":["https:\/\/www.airicom.com\/blog\/actualite-airicom\/pourquoi-et-comment-monitorer-la-qualite-de-lair-interieur-qai-dans-les-batiments\/"]}]},{"@type":"ImageObject","inLanguage":"fr-FR","@id":"https:\/\/www.airicom.com\/blog\/actualite-airicom\/pourquoi-et-comment-monitorer-la-qualite-de-lair-interieur-qai-dans-les-batiments\/#primaryimage","url":"https:\/\/www.airicom.com\/blog\/wp-content\/uploads\/2021\/07\/infographie-QAI.jpg","contentUrl":"https:\/\/www.airicom.com\/blog\/wp-content\/uploads\/2021\/07\/infographie-QAI.jpg","width":1280,"height":851,"caption":"Surveiller la qualit\u00e9 de l'air QAI"},{"@type":"BreadcrumbList","@id":"https:\/\/www.airicom.com\/blog\/actualite-airicom\/pourquoi-et-comment-monitorer-la-qualite-de-lair-interieur-qai-dans-les-batiments\/#breadcrumb","itemListElement":[{"@type":"ListItem","position":1,"name":"Accueil","item":"https:\/\/www.airicom.com\/blog\/"},{"@type":"ListItem","position":2,"name":"Pourquoi et comment monitorer la qualit\u00e9 de l&#8217;air int\u00e9rieur (QAI) dans les b\u00e2timents ?"}]},{"@type":"WebSite","@id":"https:\/\/www.airicom.com\/blog\/#website","url":"https:\/\/www.airicom.com\/blog\/","name":"Airicom - Expert IoT et M2M depuis plus de 20 ans","description":"Airicom - Expert IoT et M2M depuis plus de 20 ans","publisher":{"@id":"https:\/\/www.airicom.com\/blog\/#organization"},"potentialAction":[{"@type":"SearchAction","target":{"@type":"EntryPoint","urlTemplate":"https:\/\/www.airicom.com\/blog\/?s={search_term_string}"},"query-input":{"@type":"PropertyValueSpecification","valueRequired":true,"valueName":"search_term_string"}}],"inLanguage":"fr-FR"},{"@type":"Organization","@id":"https:\/\/www.airicom.com\/blog\/#organization","name":"Airicom - Expert IoT et M2M depuis plus de 20 ans","url":"https:\/\/www.airicom.com\/blog\/","logo":{"@type":"ImageObject","inLanguage":"fr-FR","@id":"https:\/\/www.airicom.com\/blog\/#\/schema\/logo\/image\/","url":"https:\/\/airicom.com\/blog\/wp-content\/uploads\/2020\/04\/logo-airicom-2020-200.jpg","contentUrl":"https:\/\/airicom.com\/blog\/wp-content\/uploads\/2020\/04\/logo-airicom-2020-200.jpg","width":200,"height":37,"caption":"Airicom - Expert IoT et M2M depuis plus de 20 ans"},"image":{"@id":"https:\/\/www.airicom.com\/blog\/#\/schema\/logo\/image\/"},"sameAs":["https:\/\/x.com\/airicom3","https:\/\/www.linkedin.com\/company\/airicom\/","https:\/\/www.youtube.com\/channel\/UCcgCGMQdXFmPMTtJ_4bQQ6A"]},{"@type":"Person","@id":"https:\/\/www.airicom.com\/blog\/#\/schema\/person\/3d7224647f371f8c62fccebc689bffcb","name":"Bruno DUVAL","image":{"@type":"ImageObject","inLanguage":"fr-FR","@id":"https:\/\/www.airicom.com\/blog\/#\/schema\/person\/image\/","url":"https:\/\/secure.gravatar.com\/avatar\/5499267dfca70a0d4c8b2ad32a5eef0d02c107e493abc183035941f470cb2e73?s=96&d=mm&r=g","contentUrl":"https:\/\/secure.gravatar.com\/avatar\/5499267dfca70a0d4c8b2ad32a5eef0d02c107e493abc183035941f470cb2e73?s=96&d=mm&r=g","caption":"Bruno DUVAL"},"sameAs":["http:\/\/www.airicom.capteranalyser.fr\/blog"],"url":"https:\/\/www.airicom.com\/blog\/author\/bruno-duval44gmail-com\/"}]}},"_links":{"self":[{"href":"https:\/\/www.airicom.com\/blog\/wp-json\/wp\/v2\/posts\/31789","targetHints":{"allow":["GET"]}}],"collection":[{"href":"https:\/\/www.airicom.com\/blog\/wp-json\/wp\/v2\/posts"}],"about":[{"href":"https:\/\/www.airicom.com\/blog\/wp-json\/wp\/v2\/types\/post"}],"author":[{"embeddable":true,"href":"https:\/\/www.airicom.com\/blog\/wp-json\/wp\/v2\/users\/1"}],"replies":[{"embeddable":true,"href":"https:\/\/www.airicom.com\/blog\/wp-json\/wp\/v2\/comments?post=31789"}],"version-history":[{"count":10,"href":"https:\/\/www.airicom.com\/blog\/wp-json\/wp\/v2\/posts\/31789\/revisions"}],"predecessor-version":[{"id":32070,"href":"https:\/\/www.airicom.com\/blog\/wp-json\/wp\/v2\/posts\/31789\/revisions\/32070"}],"wp:featuredmedia":[{"embeddable":true,"href":"https:\/\/www.airicom.com\/blog\/wp-json\/wp\/v2\/media\/31790"}],"wp:attachment":[{"href":"https:\/\/www.airicom.com\/blog\/wp-json\/wp\/v2\/media?parent=31789"}],"wp:term":[{"taxonomy":"category","embeddable":true,"href":"https:\/\/www.airicom.com\/blog\/wp-json\/wp\/v2\/categories?post=31789"},{"taxonomy":"post_tag","embeddable":true,"href":"https:\/\/www.airicom.com\/blog\/wp-json\/wp\/v2\/tags?post=31789"}],"curies":[{"name":"wp","href":"https:\/\/api.w.org\/{rel}","templated":true}]}}