{"id":32758,"date":"2023-03-23T12:27:15","date_gmt":"2023-03-23T11:27:15","guid":{"rendered":"https:\/\/airicom.com\/blog\/?p=32758"},"modified":"2023-03-29T10:53:09","modified_gmt":"2023-03-29T08:53:09","slug":"airicom-aux-cotes-de-watteco-au-salon-s-o-c-stand-b22","status":"publish","type":"post","link":"https:\/\/www.airicom.com\/blog\/actualite-airicom\/airicom-aux-cotes-de-watteco-au-salon-s-o-c-stand-b22\/","title":{"rendered":"AIRICOM au c\u00f4t\u00e9 de Watteco au salon S.O.C &#8211; Stand B22"},"content":{"rendered":"\n<div class=\"wp-block-image is-style-default\"><figure class=\"alignleft size-large\"><img fetchpriority=\"high\" fetchpriority=\"high\" decoding=\"async\" width=\"1000\" height=\"600\" src=\"https:\/\/airicom.com\/blog\/wp-content\/uploads\/2023\/03\/Copie-de-emailing-webinair-1.jpg\" alt=\"\" class=\"wp-image-32759\" srcset=\"https:\/\/airicom.com\/blog\/wp-content\/uploads\/2023\/03\/Copie-de-emailing-webinair-1.jpg 1000w, https:\/\/airicom.com\/blog\/wp-content\/uploads\/2023\/03\/Copie-de-emailing-webinair-1-980x588.jpg 980w, https:\/\/airicom.com\/blog\/wp-content\/uploads\/2023\/03\/Copie-de-emailing-webinair-1-480x288.jpg 480w\" sizes=\"(min-width: 0px) and (max-width: 480px) 480px, (min-width: 481px) and (max-width: 980px) 980px, (min-width: 981px) 1000px, 100vw\" \/><\/figure><\/div>\n\n\n\n<p class=\"has-medium-font-size\">AIRICOM sera pr\u00e9sent avec Watteco au salon S.O.C \u00e0 Paris &#8211; Porte de Versailles, le 19 &amp; 20 avril 2023, Stand B22 : Connectivit\u00e9s | \u00c9lectroniques | Plateformes | Cybers\u00e9curit\u00e9 !<\/p>\n\n\n\n<div class=\"wp-block-columns is-layout-flex wp-container-core-columns-is-layout-9d6595d7 wp-block-columns-is-layout-flex\">\n<div class=\"wp-block-column is-layout-flow wp-block-column-is-layout-flow\"><\/div>\n\n\n\n<div class=\"wp-block-column is-layout-flow wp-block-column-is-layout-flow\"><\/div>\n<\/div>\n\n\n\n<h2 class=\"wp-block-heading\"><span style=\"\">S.O.C : Salon de la performance des <\/span><strong><strong>b\u00e2timents tertiaires, industriels et collectifs !<\/strong><\/strong><\/h2>\n\n\n\n<p>Cet \u00e9v\u00e9nement d\u00e9di\u00e9 \u00e0 la cybers\u00e9curit\u00e9, la connectivit\u00e9, l&#8217;\u00e9lectronique et les plateformes se d\u00e9roulera sur deux jours. Il se tiendra \u00e0 Paris les 19 et 20 avril 2023. Il rassemble des professionnels dans tous ces domaines. Venez participer \u00e0 des conf\u00e9rences, des tables rondes et des ateliers. Ainsi qu&#8217;une exposition pr\u00e9sentant les derni\u00e8res technologies et les meilleures pratiques en mati\u00e8re de s\u00e9curit\u00e9 informatique.<\/p>\n\n\n\n<h2 class=\"wp-block-heading\">Airicom sur le stand de Watteco<\/h2>\n\n\n\n<p>Nous sommes ravis d&#8217;annoncer que notre entreprise sera pr\u00e9sente sur le stand de notre partenaire Watteco. Nous serons heureux de vous accueillir sur notre stand conjoint pour vous pr\u00e9senter nos derni\u00e8res solutions en mati\u00e8re d&#8217;IoT, et vous montrer comment nous pouvons aider votre entreprise.<\/p>\n\n\n\n<p>Aussi, notre \u00e9quipe d&#8217;experts sera \u00e0 votre disposition pour r\u00e9pondre \u00e0 toutes vos questions. Mais aussi pour vous pr\u00e9senter des  d\u00e9monstrations et vous expliquer nos produits les plus r\u00e9cents.<\/p>\n\n\n\n<p>Nous sommes convaincus que notre partenariat avec Watteco sur ce salon S.O.C 2023 sera une excellente occasion pour vous de d\u00e9couvrir les derni\u00e8res tendances en mati\u00e8re d&#8217;IoT et de s\u00e9curit\u00e9. Venez voir comment nous pouvons travailler ensemble pour vous offrir des solutions compl\u00e8tes et efficaces.<\/p>\n\n\n\n<p>Nous esp\u00e9rons vous voir nombreux sur le stand et sommes impatients de vous rencontrer en personne pour discuter de vos besoins en mati\u00e8re de s\u00e9curit\u00e9 informatique.<\/p>\n\n\n\n<p><\/p>\n\n\n\n<p><\/p>\n\n\n\n<p class=\"has-text-align-center\"><strong>S.O.C, c\u2019est 2 jours intense de d\u00e9couverte des tendances IoT. Airicom sera pr\u00e9sent pour proposer des solutions dans la cybers\u00e9curit\u00e9 et les services utiles aux occupants.<\/strong> <\/p>\n\n\n\n<p class=\"has-text-align-center\">Enfin, venez d\u00e9couvrir nos solutions en termes de : Smart industrie, Smart cities, Smart \u00e9nergie, Smart building et Smart transport.<\/p>\n\n\n\n<p class=\"has-text-align-center has-normal-font-size\"><strong>Paris, Porte de Versailles, les 19 et 20 avril 2023<\/strong><\/p>\n\n\n\n<figure class=\"wp-block-image size-large\"><img decoding=\"async\" width=\"920\" height=\"250\" src=\"https:\/\/airicom.com\/blog\/wp-content\/uploads\/2023\/03\/Visuel-site-1-1.jpg\" alt=\"\" class=\"wp-image-32760\" srcset=\"https:\/\/airicom.com\/blog\/wp-content\/uploads\/2023\/03\/Visuel-site-1-1.jpg 920w, https:\/\/airicom.com\/blog\/wp-content\/uploads\/2023\/03\/Visuel-site-1-1-480x130.jpg 480w\" sizes=\"(min-width: 0px) and (max-width: 480px) 480px, (min-width: 481px) 920px, 100vw\" \/><\/figure>\n\n\n\n<p class=\"has-text-align-center\"><strong>Airicom sera pr\u00e9sent sur le stand B22 de Watteco afin de vous pr\u00e9senter l&#8217;ensemble des Solutions IoT et M2M. Que ce soit en mati\u00e8re de mesures environnementales, de mesures \u00e9nerg\u00e9tiques, d&#8217;analyse vibratoire et biens d&#8217;autres choses encore.<\/strong><\/p>\n\n\n\n<p class=\"has-text-align-center has-medium-font-size\">Inscrivez-vous et ne manquez pas cet \u00e9v\u00e9nement majeur de l&#8217;IoT en France et profitez de notre pr\u00e9sence pour venir nous exposer vos besoins et projets.<\/p>\n\n\n\n<p><\/p>\n\n\n\n<div class=\"wp-block-buttons aligncenter is-layout-flex wp-block-buttons-is-layout-flex\">\n<div class=\"wp-block-button is-style-fill\"><a class=\"wp-block-button__link has-white-color has-vivid-red-background-color has-text-color has-background broken_link\" href=\"https:\/\/www.salon-systemes-objets-connectes.com\/visiter.php\" style=\"border-radius:50px\">Commandez votre PASS<\/a><\/div>\n<\/div>\n\n\n\n<hr class=\"wp-block-separator\"\/>\n\n\n\n<figure class=\"wp-block-image size-large\"><img decoding=\"async\" width=\"724\" height=\"1024\" src=\"https:\/\/airicom.com\/blog\/wp-content\/uploads\/2023\/03\/Votre-texte-de-paragraphe-724x1024.jpg\" alt=\"\" class=\"wp-image-32765\"\/><\/figure>\n","protected":false},"excerpt":{"rendered":"<p>AIRICOM sera pr\u00e9sent avec Watteco au salon S.O.C \u00e0 Paris &#8211; Porte de Versailles, le 19 &amp; 20 avril 2023, Stand B22 : Connectivit\u00e9s | \u00c9lectroniques | Plateformes | Cybers\u00e9curit\u00e9 ! S.O.C : Salon de la performance des b\u00e2timents tertiaires, industriels et collectifs ! Cet \u00e9v\u00e9nement d\u00e9di\u00e9 \u00e0 la cybers\u00e9curit\u00e9, la connectivit\u00e9, l&#8217;\u00e9lectronique et les [&hellip;]<\/p>\n","protected":false},"author":2,"featured_media":32759,"comment_status":"open","ping_status":"open","sticky":true,"template":"","format":"standard","meta":{"_et_pb_use_builder":"off","_et_pb_old_content":"","_et_gb_content_width":"872","footnotes":""},"categories":[77,58],"tags":[176,347,87,121],"class_list":["post-32758","post","type-post","status-publish","format-standard","has-post-thumbnail","hentry","category-actualite-airicom","category-formation","tag-iiot","tag-industrie4-0","tag-iot","tag-lorawan"],"yoast_head":"<!-- This site is optimized with the Yoast SEO Premium plugin v25.7.1 (Yoast SEO v26.2) - https:\/\/yoast.com\/wordpress\/plugins\/seo\/ -->\n<title>AIRICOM au c\u00f4t\u00e9 de Watteco au salon S.O.C - Stand B22<\/title>\n<meta name=\"description\" content=\"AIRICOM sera pr\u00e9sent aux c\u00f4t\u00e9s de Watteco au salon S.O.C \u00e0 Paris - Porte de Versailles, le 19 &amp; 20 avril 2023, Stand ???\" \/>\n<meta name=\"robots\" content=\"index, follow, max-snippet:-1, max-image-preview:large, max-video-preview:-1\" \/>\n<link rel=\"canonical\" href=\"https:\/\/www.airicom.com\/blog\/actualite-airicom\/airicom-aux-cotes-de-watteco-au-salon-s-o-c-stand-b22\/\" \/>\n<meta name=\"twitter:card\" content=\"summary_large_image\" \/>\n<meta name=\"twitter:title\" content=\"AIRICOM au c\u00f4t\u00e9 de Watteco au salon S.O.C - Stand B22\" \/>\n<meta name=\"twitter:description\" content=\"AIRICOM sera pr\u00e9sent aux c\u00f4t\u00e9s de Watteco au salon S.O.C \u00e0 Paris - Porte de Versailles, le 19 &amp; 20 avril 2023, Stand ???\" \/>\n<meta name=\"twitter:image\" content=\"https:\/\/www.airicom.com\/blog\/wp-content\/uploads\/2023\/03\/Copie-de-emailing-webinair-1.jpg\" \/>\n<meta name=\"twitter:creator\" content=\"@airicom3\" \/>\n<meta name=\"twitter:site\" content=\"@airicom3\" \/>\n<meta name=\"twitter:label1\" content=\"\u00c9crit par\" \/>\n\t<meta name=\"twitter:data1\" content=\"David Talon\" \/>\n\t<meta name=\"twitter:label2\" content=\"Dur\u00e9e de lecture estim\u00e9e\" \/>\n\t<meta name=\"twitter:data2\" content=\"3 minutes\" \/>\n<script type=\"application\/ld+json\" class=\"yoast-schema-graph\">{\"@context\":\"https:\/\/schema.org\",\"@graph\":[{\"@type\":\"Article\",\"@id\":\"https:\/\/www.airicom.com\/blog\/actualite-airicom\/airicom-aux-cotes-de-watteco-au-salon-s-o-c-stand-b22\/#article\",\"isPartOf\":{\"@id\":\"https:\/\/www.airicom.com\/blog\/actualite-airicom\/airicom-aux-cotes-de-watteco-au-salon-s-o-c-stand-b22\/\"},\"author\":{\"name\":\"David Talon\",\"@id\":\"https:\/\/www.airicom.com\/blog\/#\/schema\/person\/10d8fbde841272247e9f235bf5a85131\"},\"headline\":\"AIRICOM au c\u00f4t\u00e9 de Watteco au salon S.O.C &#8211; Stand B22\",\"datePublished\":\"2023-03-23T11:27:15+00:00\",\"dateModified\":\"2023-03-29T08:53:09+00:00\",\"mainEntityOfPage\":{\"@id\":\"https:\/\/www.airicom.com\/blog\/actualite-airicom\/airicom-aux-cotes-de-watteco-au-salon-s-o-c-stand-b22\/\"},\"wordCount\":426,\"commentCount\":0,\"publisher\":{\"@id\":\"https:\/\/www.airicom.com\/blog\/#organization\"},\"image\":{\"@id\":\"https:\/\/www.airicom.com\/blog\/actualite-airicom\/airicom-aux-cotes-de-watteco-au-salon-s-o-c-stand-b22\/#primaryimage\"},\"thumbnailUrl\":\"https:\/\/www.airicom.com\/blog\/wp-content\/uploads\/2023\/03\/Copie-de-emailing-webinair-1.jpg\",\"keywords\":[\"iiot\",\"Industrie4.0\",\"iot\",\"lorawan\"],\"articleSection\":[\"Actualit\u00e9\",\"Formation et salon\"],\"inLanguage\":\"fr-FR\",\"potentialAction\":[{\"@type\":\"CommentAction\",\"name\":\"Comment\",\"target\":[\"https:\/\/www.airicom.com\/blog\/actualite-airicom\/airicom-aux-cotes-de-watteco-au-salon-s-o-c-stand-b22\/#respond\"]}]},{\"@type\":\"WebPage\",\"@id\":\"https:\/\/www.airicom.com\/blog\/actualite-airicom\/airicom-aux-cotes-de-watteco-au-salon-s-o-c-stand-b22\/\",\"url\":\"https:\/\/www.airicom.com\/blog\/actualite-airicom\/airicom-aux-cotes-de-watteco-au-salon-s-o-c-stand-b22\/\",\"name\":\"AIRICOM au c\u00f4t\u00e9 de Watteco au salon S.O.C - Stand B22\",\"isPartOf\":{\"@id\":\"https:\/\/www.airicom.com\/blog\/#website\"},\"primaryImageOfPage\":{\"@id\":\"https:\/\/www.airicom.com\/blog\/actualite-airicom\/airicom-aux-cotes-de-watteco-au-salon-s-o-c-stand-b22\/#primaryimage\"},\"image\":{\"@id\":\"https:\/\/www.airicom.com\/blog\/actualite-airicom\/airicom-aux-cotes-de-watteco-au-salon-s-o-c-stand-b22\/#primaryimage\"},\"thumbnailUrl\":\"https:\/\/www.airicom.com\/blog\/wp-content\/uploads\/2023\/03\/Copie-de-emailing-webinair-1.jpg\",\"datePublished\":\"2023-03-23T11:27:15+00:00\",\"dateModified\":\"2023-03-29T08:53:09+00:00\",\"description\":\"AIRICOM sera pr\u00e9sent aux c\u00f4t\u00e9s de Watteco au salon S.O.C \u00e0 Paris - Porte de Versailles, le 19 & 20 avril 2023, Stand ???\",\"breadcrumb\":{\"@id\":\"https:\/\/www.airicom.com\/blog\/actualite-airicom\/airicom-aux-cotes-de-watteco-au-salon-s-o-c-stand-b22\/#breadcrumb\"},\"inLanguage\":\"fr-FR\",\"potentialAction\":[{\"@type\":\"ReadAction\",\"target\":[\"https:\/\/www.airicom.com\/blog\/actualite-airicom\/airicom-aux-cotes-de-watteco-au-salon-s-o-c-stand-b22\/\"]}]},{\"@type\":\"ImageObject\",\"inLanguage\":\"fr-FR\",\"@id\":\"https:\/\/www.airicom.com\/blog\/actualite-airicom\/airicom-aux-cotes-de-watteco-au-salon-s-o-c-stand-b22\/#primaryimage\",\"url\":\"https:\/\/www.airicom.com\/blog\/wp-content\/uploads\/2023\/03\/Copie-de-emailing-webinair-1.jpg\",\"contentUrl\":\"https:\/\/www.airicom.com\/blog\/wp-content\/uploads\/2023\/03\/Copie-de-emailing-webinair-1.jpg\",\"width\":1000,\"height\":600},{\"@type\":\"BreadcrumbList\",\"@id\":\"https:\/\/www.airicom.com\/blog\/actualite-airicom\/airicom-aux-cotes-de-watteco-au-salon-s-o-c-stand-b22\/#breadcrumb\",\"itemListElement\":[{\"@type\":\"ListItem\",\"position\":1,\"name\":\"Accueil\",\"item\":\"https:\/\/www.airicom.com\/blog\/\"},{\"@type\":\"ListItem\",\"position\":2,\"name\":\"AIRICOM au c\u00f4t\u00e9 de Watteco au salon S.O.C &#8211; Stand B22\"}]},{\"@type\":\"WebSite\",\"@id\":\"https:\/\/www.airicom.com\/blog\/#website\",\"url\":\"https:\/\/www.airicom.com\/blog\/\",\"name\":\"Airicom - Expert IoT et M2M depuis plus de 20 ans\",\"description\":\"Airicom - Expert IoT et M2M depuis plus de 20 ans\",\"publisher\":{\"@id\":\"https:\/\/www.airicom.com\/blog\/#organization\"},\"potentialAction\":[{\"@type\":\"SearchAction\",\"target\":{\"@type\":\"EntryPoint\",\"urlTemplate\":\"https:\/\/www.airicom.com\/blog\/?s={search_term_string}\"},\"query-input\":{\"@type\":\"PropertyValueSpecification\",\"valueRequired\":true,\"valueName\":\"search_term_string\"}}],\"inLanguage\":\"fr-FR\"},{\"@type\":\"Organization\",\"@id\":\"https:\/\/www.airicom.com\/blog\/#organization\",\"name\":\"Airicom - Expert IoT et M2M depuis plus de 20 ans\",\"url\":\"https:\/\/www.airicom.com\/blog\/\",\"logo\":{\"@type\":\"ImageObject\",\"inLanguage\":\"fr-FR\",\"@id\":\"https:\/\/www.airicom.com\/blog\/#\/schema\/logo\/image\/\",\"url\":\"https:\/\/airicom.com\/blog\/wp-content\/uploads\/2020\/04\/logo-airicom-2020-200.jpg\",\"contentUrl\":\"https:\/\/airicom.com\/blog\/wp-content\/uploads\/2020\/04\/logo-airicom-2020-200.jpg\",\"width\":200,\"height\":37,\"caption\":\"Airicom - Expert IoT et M2M depuis plus de 20 ans\"},\"image\":{\"@id\":\"https:\/\/www.airicom.com\/blog\/#\/schema\/logo\/image\/\"},\"sameAs\":[\"https:\/\/x.com\/airicom3\",\"https:\/\/www.linkedin.com\/company\/airicom\/\",\"https:\/\/www.youtube.com\/channel\/UCcgCGMQdXFmPMTtJ_4bQQ6A\"]},{\"@type\":\"Person\",\"@id\":\"https:\/\/www.airicom.com\/blog\/#\/schema\/person\/10d8fbde841272247e9f235bf5a85131\",\"name\":\"David Talon\",\"image\":{\"@type\":\"ImageObject\",\"inLanguage\":\"fr-FR\",\"@id\":\"https:\/\/www.airicom.com\/blog\/#\/schema\/person\/image\/\",\"url\":\"https:\/\/secure.gravatar.com\/avatar\/51e9e057bacef375df0eef94fd3c94fa3fea642a1c39d14bc32ceac211a8c1e4?s=96&d=mm&r=g\",\"contentUrl\":\"https:\/\/secure.gravatar.com\/avatar\/51e9e057bacef375df0eef94fd3c94fa3fea642a1c39d14bc32ceac211a8c1e4?s=96&d=mm&r=g\",\"caption\":\"David Talon\"},\"url\":\"https:\/\/www.airicom.com\/blog\/author\/davidarpci-com\/\"}]}<\/script>\n<!-- \/ Yoast SEO Premium plugin. -->","yoast_head_json":{"title":"AIRICOM au c\u00f4t\u00e9 de Watteco au salon S.O.C - Stand B22","description":"AIRICOM sera pr\u00e9sent aux c\u00f4t\u00e9s de Watteco au salon S.O.C \u00e0 Paris - Porte de Versailles, le 19 & 20 avril 2023, Stand ???","robots":{"index":"index","follow":"follow","max-snippet":"max-snippet:-1","max-image-preview":"max-image-preview:large","max-video-preview":"max-video-preview:-1"},"canonical":"https:\/\/www.airicom.com\/blog\/actualite-airicom\/airicom-aux-cotes-de-watteco-au-salon-s-o-c-stand-b22\/","twitter_card":"summary_large_image","twitter_title":"AIRICOM au c\u00f4t\u00e9 de Watteco au salon S.O.C - Stand B22","twitter_description":"AIRICOM sera pr\u00e9sent aux c\u00f4t\u00e9s de Watteco au salon S.O.C \u00e0 Paris - Porte de Versailles, le 19 & 20 avril 2023, Stand ???","twitter_image":"https:\/\/www.airicom.com\/blog\/wp-content\/uploads\/2023\/03\/Copie-de-emailing-webinair-1.jpg","twitter_creator":"@airicom3","twitter_site":"@airicom3","twitter_misc":{"\u00c9crit par":"David Talon","Dur\u00e9e de lecture estim\u00e9e":"3 minutes"},"schema":{"@context":"https:\/\/schema.org","@graph":[{"@type":"Article","@id":"https:\/\/www.airicom.com\/blog\/actualite-airicom\/airicom-aux-cotes-de-watteco-au-salon-s-o-c-stand-b22\/#article","isPartOf":{"@id":"https:\/\/www.airicom.com\/blog\/actualite-airicom\/airicom-aux-cotes-de-watteco-au-salon-s-o-c-stand-b22\/"},"author":{"name":"David Talon","@id":"https:\/\/www.airicom.com\/blog\/#\/schema\/person\/10d8fbde841272247e9f235bf5a85131"},"headline":"AIRICOM au c\u00f4t\u00e9 de Watteco au salon S.O.C &#8211; Stand B22","datePublished":"2023-03-23T11:27:15+00:00","dateModified":"2023-03-29T08:53:09+00:00","mainEntityOfPage":{"@id":"https:\/\/www.airicom.com\/blog\/actualite-airicom\/airicom-aux-cotes-de-watteco-au-salon-s-o-c-stand-b22\/"},"wordCount":426,"commentCount":0,"publisher":{"@id":"https:\/\/www.airicom.com\/blog\/#organization"},"image":{"@id":"https:\/\/www.airicom.com\/blog\/actualite-airicom\/airicom-aux-cotes-de-watteco-au-salon-s-o-c-stand-b22\/#primaryimage"},"thumbnailUrl":"https:\/\/www.airicom.com\/blog\/wp-content\/uploads\/2023\/03\/Copie-de-emailing-webinair-1.jpg","keywords":["iiot","Industrie4.0","iot","lorawan"],"articleSection":["Actualit\u00e9","Formation et salon"],"inLanguage":"fr-FR","potentialAction":[{"@type":"CommentAction","name":"Comment","target":["https:\/\/www.airicom.com\/blog\/actualite-airicom\/airicom-aux-cotes-de-watteco-au-salon-s-o-c-stand-b22\/#respond"]}]},{"@type":"WebPage","@id":"https:\/\/www.airicom.com\/blog\/actualite-airicom\/airicom-aux-cotes-de-watteco-au-salon-s-o-c-stand-b22\/","url":"https:\/\/www.airicom.com\/blog\/actualite-airicom\/airicom-aux-cotes-de-watteco-au-salon-s-o-c-stand-b22\/","name":"AIRICOM au c\u00f4t\u00e9 de Watteco au salon S.O.C - Stand B22","isPartOf":{"@id":"https:\/\/www.airicom.com\/blog\/#website"},"primaryImageOfPage":{"@id":"https:\/\/www.airicom.com\/blog\/actualite-airicom\/airicom-aux-cotes-de-watteco-au-salon-s-o-c-stand-b22\/#primaryimage"},"image":{"@id":"https:\/\/www.airicom.com\/blog\/actualite-airicom\/airicom-aux-cotes-de-watteco-au-salon-s-o-c-stand-b22\/#primaryimage"},"thumbnailUrl":"https:\/\/www.airicom.com\/blog\/wp-content\/uploads\/2023\/03\/Copie-de-emailing-webinair-1.jpg","datePublished":"2023-03-23T11:27:15+00:00","dateModified":"2023-03-29T08:53:09+00:00","description":"AIRICOM sera pr\u00e9sent aux c\u00f4t\u00e9s de Watteco au salon S.O.C \u00e0 Paris - Porte de Versailles, le 19 & 20 avril 2023, Stand ???","breadcrumb":{"@id":"https:\/\/www.airicom.com\/blog\/actualite-airicom\/airicom-aux-cotes-de-watteco-au-salon-s-o-c-stand-b22\/#breadcrumb"},"inLanguage":"fr-FR","potentialAction":[{"@type":"ReadAction","target":["https:\/\/www.airicom.com\/blog\/actualite-airicom\/airicom-aux-cotes-de-watteco-au-salon-s-o-c-stand-b22\/"]}]},{"@type":"ImageObject","inLanguage":"fr-FR","@id":"https:\/\/www.airicom.com\/blog\/actualite-airicom\/airicom-aux-cotes-de-watteco-au-salon-s-o-c-stand-b22\/#primaryimage","url":"https:\/\/www.airicom.com\/blog\/wp-content\/uploads\/2023\/03\/Copie-de-emailing-webinair-1.jpg","contentUrl":"https:\/\/www.airicom.com\/blog\/wp-content\/uploads\/2023\/03\/Copie-de-emailing-webinair-1.jpg","width":1000,"height":600},{"@type":"BreadcrumbList","@id":"https:\/\/www.airicom.com\/blog\/actualite-airicom\/airicom-aux-cotes-de-watteco-au-salon-s-o-c-stand-b22\/#breadcrumb","itemListElement":[{"@type":"ListItem","position":1,"name":"Accueil","item":"https:\/\/www.airicom.com\/blog\/"},{"@type":"ListItem","position":2,"name":"AIRICOM au c\u00f4t\u00e9 de Watteco au salon S.O.C &#8211; Stand B22"}]},{"@type":"WebSite","@id":"https:\/\/www.airicom.com\/blog\/#website","url":"https:\/\/www.airicom.com\/blog\/","name":"Airicom - Expert IoT et M2M depuis plus de 20 ans","description":"Airicom - Expert IoT et M2M depuis plus de 20 ans","publisher":{"@id":"https:\/\/www.airicom.com\/blog\/#organization"},"potentialAction":[{"@type":"SearchAction","target":{"@type":"EntryPoint","urlTemplate":"https:\/\/www.airicom.com\/blog\/?s={search_term_string}"},"query-input":{"@type":"PropertyValueSpecification","valueRequired":true,"valueName":"search_term_string"}}],"inLanguage":"fr-FR"},{"@type":"Organization","@id":"https:\/\/www.airicom.com\/blog\/#organization","name":"Airicom - Expert IoT et M2M depuis plus de 20 ans","url":"https:\/\/www.airicom.com\/blog\/","logo":{"@type":"ImageObject","inLanguage":"fr-FR","@id":"https:\/\/www.airicom.com\/blog\/#\/schema\/logo\/image\/","url":"https:\/\/airicom.com\/blog\/wp-content\/uploads\/2020\/04\/logo-airicom-2020-200.jpg","contentUrl":"https:\/\/airicom.com\/blog\/wp-content\/uploads\/2020\/04\/logo-airicom-2020-200.jpg","width":200,"height":37,"caption":"Airicom - Expert IoT et M2M depuis plus de 20 ans"},"image":{"@id":"https:\/\/www.airicom.com\/blog\/#\/schema\/logo\/image\/"},"sameAs":["https:\/\/x.com\/airicom3","https:\/\/www.linkedin.com\/company\/airicom\/","https:\/\/www.youtube.com\/channel\/UCcgCGMQdXFmPMTtJ_4bQQ6A"]},{"@type":"Person","@id":"https:\/\/www.airicom.com\/blog\/#\/schema\/person\/10d8fbde841272247e9f235bf5a85131","name":"David Talon","image":{"@type":"ImageObject","inLanguage":"fr-FR","@id":"https:\/\/www.airicom.com\/blog\/#\/schema\/person\/image\/","url":"https:\/\/secure.gravatar.com\/avatar\/51e9e057bacef375df0eef94fd3c94fa3fea642a1c39d14bc32ceac211a8c1e4?s=96&d=mm&r=g","contentUrl":"https:\/\/secure.gravatar.com\/avatar\/51e9e057bacef375df0eef94fd3c94fa3fea642a1c39d14bc32ceac211a8c1e4?s=96&d=mm&r=g","caption":"David Talon"},"url":"https:\/\/www.airicom.com\/blog\/author\/davidarpci-com\/"}]}},"_links":{"self":[{"href":"https:\/\/www.airicom.com\/blog\/wp-json\/wp\/v2\/posts\/32758","targetHints":{"allow":["GET"]}}],"collection":[{"href":"https:\/\/www.airicom.com\/blog\/wp-json\/wp\/v2\/posts"}],"about":[{"href":"https:\/\/www.airicom.com\/blog\/wp-json\/wp\/v2\/types\/post"}],"author":[{"embeddable":true,"href":"https:\/\/www.airicom.com\/blog\/wp-json\/wp\/v2\/users\/2"}],"replies":[{"embeddable":true,"href":"https:\/\/www.airicom.com\/blog\/wp-json\/wp\/v2\/comments?post=32758"}],"version-history":[{"count":8,"href":"https:\/\/www.airicom.com\/blog\/wp-json\/wp\/v2\/posts\/32758\/revisions"}],"predecessor-version":[{"id":32775,"href":"https:\/\/www.airicom.com\/blog\/wp-json\/wp\/v2\/posts\/32758\/revisions\/32775"}],"wp:featuredmedia":[{"embeddable":true,"href":"https:\/\/www.airicom.com\/blog\/wp-json\/wp\/v2\/media\/32759"}],"wp:attachment":[{"href":"https:\/\/www.airicom.com\/blog\/wp-json\/wp\/v2\/media?parent=32758"}],"wp:term":[{"taxonomy":"category","embeddable":true,"href":"https:\/\/www.airicom.com\/blog\/wp-json\/wp\/v2\/categories?post=32758"},{"taxonomy":"post_tag","embeddable":true,"href":"https:\/\/www.airicom.com\/blog\/wp-json\/wp\/v2\/tags?post=32758"}],"curies":[{"name":"wp","href":"https:\/\/api.w.org\/{rel}","templated":true}]}}