{"id":33205,"date":"2024-03-05T09:32:31","date_gmt":"2024-03-05T08:32:31","guid":{"rendered":"https:\/\/airicom.com\/blog\/?p=33205"},"modified":"2024-03-05T09:52:44","modified_gmt":"2024-03-05T08:52:44","slug":"airicom-sera-present-sur-le-salon-bim-world-2024","status":"publish","type":"post","link":"https:\/\/www.airicom.com\/blog\/actualite-airicom\/airicom-sera-present-sur-le-salon-bim-world-2024\/","title":{"rendered":"Airicom sera pr\u00e9sent sur le Salon BIM World 2024"},"content":{"rendered":"\n<figure class=\"wp-block-image size-large\"><img fetchpriority=\"high\" fetchpriority=\"high\" decoding=\"async\" width=\"1024\" height=\"1024\" src=\"https:\/\/airicom.com\/blog\/wp-content\/uploads\/2024\/03\/BIM_AIRICOM-1-1024x1024.jpg\" alt=\"\" class=\"wp-image-33211\" srcset=\"https:\/\/airicom.com\/blog\/wp-content\/uploads\/2024\/03\/BIM_AIRICOM-1-1024x1024.jpg 1024w, https:\/\/airicom.com\/blog\/wp-content\/uploads\/2024\/03\/BIM_AIRICOM-1-980x980.jpg 980w, https:\/\/airicom.com\/blog\/wp-content\/uploads\/2024\/03\/BIM_AIRICOM-1-480x480.jpg 480w\" sizes=\"(min-width: 0px) and (max-width: 480px) 480px, (min-width: 481px) and (max-width: 980px) 980px, (min-width: 981px) 1024px, 100vw\" \/><\/figure>\n\n\n\n<div class=\"wp-block-group\"><div class=\"wp-block-group__inner-container is-layout-flow wp-block-group-is-layout-flow\">\n<blockquote class=\"wp-block-quote has-text-align-center is-style-large is-layout-flow wp-block-quote-is-layout-flow\"><p><strong>B<\/strong>uilding&nbsp;<strong>I<\/strong>nnovating&nbsp;<strong>M<\/strong>anaging<\/p><p><em>C&#8217;est l&#8217;\u00e9v\u00e8nement leader en mati\u00e8re de construction num\u00e9rique et d&#8217;am\u00e9nagement durable et se d\u00e9roule les 3 &amp; 4 Avril&nbsp;2024&nbsp;\u00e0<\/em><\/p><\/blockquote>\n\n\n\n<hr class=\"wp-block-separator is-style-dots\"\/>\n<\/div><\/div>\n\n\n\n<p class=\"has-text-align-center has-text-color\" style=\"color:#0f399c;font-size:25px\"><strong>Airicom sera heureux de vous pr\u00e9senter toutes ces nouveaut\u00e9s en gestion du b\u00e2timent : Stand C104<\/strong><\/p>\n\n\n\n<div class=\"wp-block-buttons aligncenter is-layout-flex wp-block-buttons-is-layout-flex\">\n<div class=\"wp-block-button is-style-fill\"><a class=\"wp-block-button__link has-vivid-red-background-color has-background\" href=\"https:\/\/bim-w.com\/inscription\/\">Inscription Code Invitation CC92<\/a><\/div>\n<\/div>\n\n\n\n<p><\/p>\n\n\n\n<figure class=\"wp-block-image size-large\"><img decoding=\"async\" width=\"891\" height=\"190\" src=\"https:\/\/airicom.com\/blog\/wp-content\/uploads\/2024\/03\/Signature-BIM24_AIRICOM.jpg\" alt=\"\" class=\"wp-image-33214\" srcset=\"https:\/\/airicom.com\/blog\/wp-content\/uploads\/2024\/03\/Signature-BIM24_AIRICOM.jpg 891w, https:\/\/airicom.com\/blog\/wp-content\/uploads\/2024\/03\/Signature-BIM24_AIRICOM-480x102.jpg 480w\" sizes=\"(min-width: 0px) and (max-width: 480px) 480px, (min-width: 481px) 891px, 100vw\" \/><\/figure>\n","protected":false},"excerpt":{"rendered":"<p>Airicom sera de nouveau au Salon BIM World le 3 et 4 Avril, Paris Pporte de Versailles<\/p>\n","protected":false},"author":2,"featured_media":33211,"comment_status":"open","ping_status":"open","sticky":true,"template":"","format":"standard","meta":{"_et_pb_use_builder":"off","_et_pb_old_content":"","_et_gb_content_width":"","footnotes":""},"categories":[77,58,81],"tags":[388,389],"class_list":["post-33205","post","type-post","status-publish","format-standard","has-post-thumbnail","hentry","category-actualite-airicom","category-formation","category-intesis-documentations-techniques","tag-airicom-sur-le-salon-bim-world-les-3-et-4-avril-2024","tag-porte-de-versailles"],"yoast_head":"<!-- This site is optimized with the Yoast SEO Premium plugin v25.7.1 (Yoast SEO v26.2) - https:\/\/yoast.com\/wordpress\/plugins\/seo\/ -->\n<title>Airicom sera pr\u00e9sent sur le Salon BIM World 2024 - Airicom - Expert IoT et M2M depuis plus de 20 ans<\/title>\n<meta name=\"robots\" content=\"index, follow, max-snippet:-1, max-image-preview:large, max-video-preview:-1\" \/>\n<link rel=\"canonical\" href=\"https:\/\/www.airicom.com\/blog\/actualite-airicom\/airicom-sera-present-sur-le-salon-bim-world-2024\/\" \/>\n<meta name=\"twitter:card\" content=\"summary_large_image\" \/>\n<meta name=\"twitter:title\" content=\"Airicom sera pr\u00e9sent sur le Salon BIM World 2024 - Airicom - Expert IoT et M2M depuis plus de 20 ans\" \/>\n<meta name=\"twitter:description\" content=\"Airicom sera de nouveau au Salon BIM World le 3 et 4 Avril, Paris Pporte de Versailles\" \/>\n<meta name=\"twitter:image\" content=\"https:\/\/www.airicom.com\/blog\/wp-content\/uploads\/2024\/03\/BIM_AIRICOM-1.jpg\" \/>\n<meta name=\"twitter:creator\" content=\"@airicom3\" \/>\n<meta name=\"twitter:site\" content=\"@airicom3\" \/>\n<meta name=\"twitter:label1\" content=\"\u00c9crit par\" \/>\n\t<meta name=\"twitter:data1\" content=\"David Talon\" \/>\n\t<meta name=\"twitter:label2\" content=\"Dur\u00e9e de lecture estim\u00e9e\" \/>\n\t<meta name=\"twitter:data2\" content=\"1 minute\" \/>\n<script type=\"application\/ld+json\" class=\"yoast-schema-graph\">{\"@context\":\"https:\/\/schema.org\",\"@graph\":[{\"@type\":\"Article\",\"@id\":\"https:\/\/www.airicom.com\/blog\/actualite-airicom\/airicom-sera-present-sur-le-salon-bim-world-2024\/#article\",\"isPartOf\":{\"@id\":\"https:\/\/www.airicom.com\/blog\/actualite-airicom\/airicom-sera-present-sur-le-salon-bim-world-2024\/\"},\"author\":{\"name\":\"David Talon\",\"@id\":\"https:\/\/www.airicom.com\/blog\/#\/schema\/person\/10d8fbde841272247e9f235bf5a85131\"},\"headline\":\"Airicom sera pr\u00e9sent sur le Salon BIM World 2024\",\"datePublished\":\"2024-03-05T08:32:31+00:00\",\"dateModified\":\"2024-03-05T08:52:44+00:00\",\"mainEntityOfPage\":{\"@id\":\"https:\/\/www.airicom.com\/blog\/actualite-airicom\/airicom-sera-present-sur-le-salon-bim-world-2024\/\"},\"wordCount\":63,\"commentCount\":0,\"publisher\":{\"@id\":\"https:\/\/www.airicom.com\/blog\/#organization\"},\"image\":{\"@id\":\"https:\/\/www.airicom.com\/blog\/actualite-airicom\/airicom-sera-present-sur-le-salon-bim-world-2024\/#primaryimage\"},\"thumbnailUrl\":\"https:\/\/www.airicom.com\/blog\/wp-content\/uploads\/2024\/03\/BIM_AIRICOM-1.jpg\",\"keywords\":[\"Airicom sur le salon BIM World les 3 et 4 Avril 2024\",\"Porte de Versailles\"],\"articleSection\":[\"Actualit\u00e9\",\"Formation et salon\",\"Intesis\"],\"inLanguage\":\"fr-FR\",\"potentialAction\":[{\"@type\":\"CommentAction\",\"name\":\"Comment\",\"target\":[\"https:\/\/www.airicom.com\/blog\/actualite-airicom\/airicom-sera-present-sur-le-salon-bim-world-2024\/#respond\"]}]},{\"@type\":\"WebPage\",\"@id\":\"https:\/\/www.airicom.com\/blog\/actualite-airicom\/airicom-sera-present-sur-le-salon-bim-world-2024\/\",\"url\":\"https:\/\/www.airicom.com\/blog\/actualite-airicom\/airicom-sera-present-sur-le-salon-bim-world-2024\/\",\"name\":\"Airicom sera pr\u00e9sent sur le Salon BIM World 2024 - Airicom - Expert IoT et M2M depuis plus de 20 ans\",\"isPartOf\":{\"@id\":\"https:\/\/www.airicom.com\/blog\/#website\"},\"primaryImageOfPage\":{\"@id\":\"https:\/\/www.airicom.com\/blog\/actualite-airicom\/airicom-sera-present-sur-le-salon-bim-world-2024\/#primaryimage\"},\"image\":{\"@id\":\"https:\/\/www.airicom.com\/blog\/actualite-airicom\/airicom-sera-present-sur-le-salon-bim-world-2024\/#primaryimage\"},\"thumbnailUrl\":\"https:\/\/www.airicom.com\/blog\/wp-content\/uploads\/2024\/03\/BIM_AIRICOM-1.jpg\",\"datePublished\":\"2024-03-05T08:32:31+00:00\",\"dateModified\":\"2024-03-05T08:52:44+00:00\",\"breadcrumb\":{\"@id\":\"https:\/\/www.airicom.com\/blog\/actualite-airicom\/airicom-sera-present-sur-le-salon-bim-world-2024\/#breadcrumb\"},\"inLanguage\":\"fr-FR\",\"potentialAction\":[{\"@type\":\"ReadAction\",\"target\":[\"https:\/\/www.airicom.com\/blog\/actualite-airicom\/airicom-sera-present-sur-le-salon-bim-world-2024\/\"]}]},{\"@type\":\"ImageObject\",\"inLanguage\":\"fr-FR\",\"@id\":\"https:\/\/www.airicom.com\/blog\/actualite-airicom\/airicom-sera-present-sur-le-salon-bim-world-2024\/#primaryimage\",\"url\":\"https:\/\/www.airicom.com\/blog\/wp-content\/uploads\/2024\/03\/BIM_AIRICOM-1.jpg\",\"contentUrl\":\"https:\/\/www.airicom.com\/blog\/wp-content\/uploads\/2024\/03\/BIM_AIRICOM-1.jpg\",\"width\":1080,\"height\":1080},{\"@type\":\"BreadcrumbList\",\"@id\":\"https:\/\/www.airicom.com\/blog\/actualite-airicom\/airicom-sera-present-sur-le-salon-bim-world-2024\/#breadcrumb\",\"itemListElement\":[{\"@type\":\"ListItem\",\"position\":1,\"name\":\"Accueil\",\"item\":\"https:\/\/www.airicom.com\/blog\/\"},{\"@type\":\"ListItem\",\"position\":2,\"name\":\"Airicom sera pr\u00e9sent sur le Salon BIM World 2024\"}]},{\"@type\":\"WebSite\",\"@id\":\"https:\/\/www.airicom.com\/blog\/#website\",\"url\":\"https:\/\/www.airicom.com\/blog\/\",\"name\":\"Airicom - Expert IoT et M2M depuis plus de 20 ans\",\"description\":\"Airicom - Expert IoT et M2M depuis plus de 20 ans\",\"publisher\":{\"@id\":\"https:\/\/www.airicom.com\/blog\/#organization\"},\"potentialAction\":[{\"@type\":\"SearchAction\",\"target\":{\"@type\":\"EntryPoint\",\"urlTemplate\":\"https:\/\/www.airicom.com\/blog\/?s={search_term_string}\"},\"query-input\":{\"@type\":\"PropertyValueSpecification\",\"valueRequired\":true,\"valueName\":\"search_term_string\"}}],\"inLanguage\":\"fr-FR\"},{\"@type\":\"Organization\",\"@id\":\"https:\/\/www.airicom.com\/blog\/#organization\",\"name\":\"Airicom - Expert IoT et M2M depuis plus de 20 ans\",\"url\":\"https:\/\/www.airicom.com\/blog\/\",\"logo\":{\"@type\":\"ImageObject\",\"inLanguage\":\"fr-FR\",\"@id\":\"https:\/\/www.airicom.com\/blog\/#\/schema\/logo\/image\/\",\"url\":\"https:\/\/airicom.com\/blog\/wp-content\/uploads\/2020\/04\/logo-airicom-2020-200.jpg\",\"contentUrl\":\"https:\/\/airicom.com\/blog\/wp-content\/uploads\/2020\/04\/logo-airicom-2020-200.jpg\",\"width\":200,\"height\":37,\"caption\":\"Airicom - Expert IoT et M2M depuis plus de 20 ans\"},\"image\":{\"@id\":\"https:\/\/www.airicom.com\/blog\/#\/schema\/logo\/image\/\"},\"sameAs\":[\"https:\/\/x.com\/airicom3\",\"https:\/\/www.linkedin.com\/company\/airicom\/\",\"https:\/\/www.youtube.com\/channel\/UCcgCGMQdXFmPMTtJ_4bQQ6A\"]},{\"@type\":\"Person\",\"@id\":\"https:\/\/www.airicom.com\/blog\/#\/schema\/person\/10d8fbde841272247e9f235bf5a85131\",\"name\":\"David Talon\",\"image\":{\"@type\":\"ImageObject\",\"inLanguage\":\"fr-FR\",\"@id\":\"https:\/\/www.airicom.com\/blog\/#\/schema\/person\/image\/\",\"url\":\"https:\/\/secure.gravatar.com\/avatar\/51e9e057bacef375df0eef94fd3c94fa3fea642a1c39d14bc32ceac211a8c1e4?s=96&d=mm&r=g\",\"contentUrl\":\"https:\/\/secure.gravatar.com\/avatar\/51e9e057bacef375df0eef94fd3c94fa3fea642a1c39d14bc32ceac211a8c1e4?s=96&d=mm&r=g\",\"caption\":\"David Talon\"},\"url\":\"https:\/\/www.airicom.com\/blog\/author\/davidarpci-com\/\"}]}<\/script>\n<!-- \/ Yoast SEO Premium plugin. -->","yoast_head_json":{"title":"Airicom sera pr\u00e9sent sur le Salon BIM World 2024 - Airicom - Expert IoT et M2M depuis plus de 20 ans","robots":{"index":"index","follow":"follow","max-snippet":"max-snippet:-1","max-image-preview":"max-image-preview:large","max-video-preview":"max-video-preview:-1"},"canonical":"https:\/\/www.airicom.com\/blog\/actualite-airicom\/airicom-sera-present-sur-le-salon-bim-world-2024\/","twitter_card":"summary_large_image","twitter_title":"Airicom sera pr\u00e9sent sur le Salon BIM World 2024 - Airicom - Expert IoT et M2M depuis plus de 20 ans","twitter_description":"Airicom sera de nouveau au Salon BIM World le 3 et 4 Avril, Paris Pporte de Versailles","twitter_image":"https:\/\/www.airicom.com\/blog\/wp-content\/uploads\/2024\/03\/BIM_AIRICOM-1.jpg","twitter_creator":"@airicom3","twitter_site":"@airicom3","twitter_misc":{"\u00c9crit par":"David Talon","Dur\u00e9e de lecture estim\u00e9e":"1 minute"},"schema":{"@context":"https:\/\/schema.org","@graph":[{"@type":"Article","@id":"https:\/\/www.airicom.com\/blog\/actualite-airicom\/airicom-sera-present-sur-le-salon-bim-world-2024\/#article","isPartOf":{"@id":"https:\/\/www.airicom.com\/blog\/actualite-airicom\/airicom-sera-present-sur-le-salon-bim-world-2024\/"},"author":{"name":"David Talon","@id":"https:\/\/www.airicom.com\/blog\/#\/schema\/person\/10d8fbde841272247e9f235bf5a85131"},"headline":"Airicom sera pr\u00e9sent sur le Salon BIM World 2024","datePublished":"2024-03-05T08:32:31+00:00","dateModified":"2024-03-05T08:52:44+00:00","mainEntityOfPage":{"@id":"https:\/\/www.airicom.com\/blog\/actualite-airicom\/airicom-sera-present-sur-le-salon-bim-world-2024\/"},"wordCount":63,"commentCount":0,"publisher":{"@id":"https:\/\/www.airicom.com\/blog\/#organization"},"image":{"@id":"https:\/\/www.airicom.com\/blog\/actualite-airicom\/airicom-sera-present-sur-le-salon-bim-world-2024\/#primaryimage"},"thumbnailUrl":"https:\/\/www.airicom.com\/blog\/wp-content\/uploads\/2024\/03\/BIM_AIRICOM-1.jpg","keywords":["Airicom sur le salon BIM World les 3 et 4 Avril 2024","Porte de Versailles"],"articleSection":["Actualit\u00e9","Formation et salon","Intesis"],"inLanguage":"fr-FR","potentialAction":[{"@type":"CommentAction","name":"Comment","target":["https:\/\/www.airicom.com\/blog\/actualite-airicom\/airicom-sera-present-sur-le-salon-bim-world-2024\/#respond"]}]},{"@type":"WebPage","@id":"https:\/\/www.airicom.com\/blog\/actualite-airicom\/airicom-sera-present-sur-le-salon-bim-world-2024\/","url":"https:\/\/www.airicom.com\/blog\/actualite-airicom\/airicom-sera-present-sur-le-salon-bim-world-2024\/","name":"Airicom sera pr\u00e9sent sur le Salon BIM World 2024 - Airicom - Expert IoT et M2M depuis plus de 20 ans","isPartOf":{"@id":"https:\/\/www.airicom.com\/blog\/#website"},"primaryImageOfPage":{"@id":"https:\/\/www.airicom.com\/blog\/actualite-airicom\/airicom-sera-present-sur-le-salon-bim-world-2024\/#primaryimage"},"image":{"@id":"https:\/\/www.airicom.com\/blog\/actualite-airicom\/airicom-sera-present-sur-le-salon-bim-world-2024\/#primaryimage"},"thumbnailUrl":"https:\/\/www.airicom.com\/blog\/wp-content\/uploads\/2024\/03\/BIM_AIRICOM-1.jpg","datePublished":"2024-03-05T08:32:31+00:00","dateModified":"2024-03-05T08:52:44+00:00","breadcrumb":{"@id":"https:\/\/www.airicom.com\/blog\/actualite-airicom\/airicom-sera-present-sur-le-salon-bim-world-2024\/#breadcrumb"},"inLanguage":"fr-FR","potentialAction":[{"@type":"ReadAction","target":["https:\/\/www.airicom.com\/blog\/actualite-airicom\/airicom-sera-present-sur-le-salon-bim-world-2024\/"]}]},{"@type":"ImageObject","inLanguage":"fr-FR","@id":"https:\/\/www.airicom.com\/blog\/actualite-airicom\/airicom-sera-present-sur-le-salon-bim-world-2024\/#primaryimage","url":"https:\/\/www.airicom.com\/blog\/wp-content\/uploads\/2024\/03\/BIM_AIRICOM-1.jpg","contentUrl":"https:\/\/www.airicom.com\/blog\/wp-content\/uploads\/2024\/03\/BIM_AIRICOM-1.jpg","width":1080,"height":1080},{"@type":"BreadcrumbList","@id":"https:\/\/www.airicom.com\/blog\/actualite-airicom\/airicom-sera-present-sur-le-salon-bim-world-2024\/#breadcrumb","itemListElement":[{"@type":"ListItem","position":1,"name":"Accueil","item":"https:\/\/www.airicom.com\/blog\/"},{"@type":"ListItem","position":2,"name":"Airicom sera pr\u00e9sent sur le Salon BIM World 2024"}]},{"@type":"WebSite","@id":"https:\/\/www.airicom.com\/blog\/#website","url":"https:\/\/www.airicom.com\/blog\/","name":"Airicom - Expert IoT et M2M depuis plus de 20 ans","description":"Airicom - Expert IoT et M2M depuis plus de 20 ans","publisher":{"@id":"https:\/\/www.airicom.com\/blog\/#organization"},"potentialAction":[{"@type":"SearchAction","target":{"@type":"EntryPoint","urlTemplate":"https:\/\/www.airicom.com\/blog\/?s={search_term_string}"},"query-input":{"@type":"PropertyValueSpecification","valueRequired":true,"valueName":"search_term_string"}}],"inLanguage":"fr-FR"},{"@type":"Organization","@id":"https:\/\/www.airicom.com\/blog\/#organization","name":"Airicom - Expert IoT et M2M depuis plus de 20 ans","url":"https:\/\/www.airicom.com\/blog\/","logo":{"@type":"ImageObject","inLanguage":"fr-FR","@id":"https:\/\/www.airicom.com\/blog\/#\/schema\/logo\/image\/","url":"https:\/\/airicom.com\/blog\/wp-content\/uploads\/2020\/04\/logo-airicom-2020-200.jpg","contentUrl":"https:\/\/airicom.com\/blog\/wp-content\/uploads\/2020\/04\/logo-airicom-2020-200.jpg","width":200,"height":37,"caption":"Airicom - Expert IoT et M2M depuis plus de 20 ans"},"image":{"@id":"https:\/\/www.airicom.com\/blog\/#\/schema\/logo\/image\/"},"sameAs":["https:\/\/x.com\/airicom3","https:\/\/www.linkedin.com\/company\/airicom\/","https:\/\/www.youtube.com\/channel\/UCcgCGMQdXFmPMTtJ_4bQQ6A"]},{"@type":"Person","@id":"https:\/\/www.airicom.com\/blog\/#\/schema\/person\/10d8fbde841272247e9f235bf5a85131","name":"David Talon","image":{"@type":"ImageObject","inLanguage":"fr-FR","@id":"https:\/\/www.airicom.com\/blog\/#\/schema\/person\/image\/","url":"https:\/\/secure.gravatar.com\/avatar\/51e9e057bacef375df0eef94fd3c94fa3fea642a1c39d14bc32ceac211a8c1e4?s=96&d=mm&r=g","contentUrl":"https:\/\/secure.gravatar.com\/avatar\/51e9e057bacef375df0eef94fd3c94fa3fea642a1c39d14bc32ceac211a8c1e4?s=96&d=mm&r=g","caption":"David Talon"},"url":"https:\/\/www.airicom.com\/blog\/author\/davidarpci-com\/"}]}},"_links":{"self":[{"href":"https:\/\/www.airicom.com\/blog\/wp-json\/wp\/v2\/posts\/33205","targetHints":{"allow":["GET"]}}],"collection":[{"href":"https:\/\/www.airicom.com\/blog\/wp-json\/wp\/v2\/posts"}],"about":[{"href":"https:\/\/www.airicom.com\/blog\/wp-json\/wp\/v2\/types\/post"}],"author":[{"embeddable":true,"href":"https:\/\/www.airicom.com\/blog\/wp-json\/wp\/v2\/users\/2"}],"replies":[{"embeddable":true,"href":"https:\/\/www.airicom.com\/blog\/wp-json\/wp\/v2\/comments?post=33205"}],"version-history":[{"count":7,"href":"https:\/\/www.airicom.com\/blog\/wp-json\/wp\/v2\/posts\/33205\/revisions"}],"predecessor-version":[{"id":33216,"href":"https:\/\/www.airicom.com\/blog\/wp-json\/wp\/v2\/posts\/33205\/revisions\/33216"}],"wp:featuredmedia":[{"embeddable":true,"href":"https:\/\/www.airicom.com\/blog\/wp-json\/wp\/v2\/media\/33211"}],"wp:attachment":[{"href":"https:\/\/www.airicom.com\/blog\/wp-json\/wp\/v2\/media?parent=33205"}],"wp:term":[{"taxonomy":"category","embeddable":true,"href":"https:\/\/www.airicom.com\/blog\/wp-json\/wp\/v2\/categories?post=33205"},{"taxonomy":"post_tag","embeddable":true,"href":"https:\/\/www.airicom.com\/blog\/wp-json\/wp\/v2\/tags?post=33205"}],"curies":[{"name":"wp","href":"https:\/\/api.w.org\/{rel}","templated":true}]}}