{"id":4772,"date":"2018-01-11T17:25:22","date_gmt":"2018-01-11T13:25:22","guid":{"rendered":"https:\/\/www.rg2i.fr\/?p=4772\/"},"modified":"2020-06-16T16:54:28","modified_gmt":"2020-06-16T14:54:28","slug":"salon-teep-siel","status":"publish","type":"post","link":"https:\/\/www.airicom.com\/blog\/formation\/salon-teep-siel\/","title":{"rendered":"Salon TEEP \u00e0 Andr\u00e9zieux-Bouth\u00e9on &#8211; 2019"},"content":{"rendered":"<p><img decoding=\"async\" class=\"alignnone size-medium wp-image-28892\" src=\"http:\/\/www.airicom.capteranalyser.fr\/blog\/wp-content\/uploads\/2018\/01\/event_salon-professionnel-teep-transition-energetique-et-eclairage-public_828904-300x143.jpg\" alt=\"\" width=\"300\" height=\"143\"><\/p>\n<h2>Participation au salon TEEP le 24\/25 Avril 2019<\/h2>\n<p>RG2i sera pr\u00e9sent lors du salon TEEP. L&#8217;occasion de d\u00e9couvrir nos nouveaut\u00e9s et de mani\u00e8re g\u00e9n\u00e9rale notre solution globale IOT\/M2M :<\/p>\n<ul>\n<li>Capteurs sans fil (WMBus, LORAWAN, SIGFOX, Monnit)<\/li>\n<li>Concentrateurs de donn\u00e9es<\/li>\n<li>Reporting, Supervision &amp; Monitoring<\/li>\n<\/ul>\n<p>Site du salon pour plus d&#8217;informations : http:\/\/www.siel42.fr\/salonteep<\/p>\n","protected":false},"excerpt":{"rendered":"<p>Participation au salon TEEP le 24\/25 Avril 2019 RG2i sera pr\u00e9sent lors du salon TEEP. L&#8217;occasion de d\u00e9couvrir nos nouveaut\u00e9s et de mani\u00e8re g\u00e9n\u00e9rale notre solution globale IOT\/M2M : Capteurs sans fil (WMBus, LORAWAN, SIGFOX, Monnit) Concentrateurs de donn\u00e9es Reporting, Supervision &amp; Monitoring Site du salon pour plus d&#8217;informations : http:\/\/www.siel42.fr\/salonteep<\/p>\n","protected":false},"author":1,"featured_media":28892,"comment_status":"open","ping_status":"open","sticky":false,"template":"","format":"standard","meta":{"_et_pb_use_builder":"","_et_pb_old_content":"","_et_gb_content_width":"","footnotes":""},"categories":[58],"tags":[],"class_list":["post-4772","post","type-post","status-publish","format-standard","has-post-thumbnail","hentry","category-formation"],"yoast_head":"<!-- This site is optimized with the Yoast SEO Premium plugin v25.7.1 (Yoast SEO v26.2) - https:\/\/yoast.com\/wordpress\/plugins\/seo\/ -->\n<title>Venez rencontrer RG2i au salon TEEP 2019, \u00e0 Andr\u00e9zieux-Bouth\u00e9on<\/title>\n<meta name=\"description\" content=\"Venez d\u00e9couvrir nos solutions IOT\/M2M d\u00e9di\u00e9es aux smart city, building et industrie, lors du salon TEEP SIEL \u00e0 Andr\u00e9zieux-Bouth\u00e9on\" \/>\n<meta name=\"robots\" content=\"index, follow, max-snippet:-1, max-image-preview:large, max-video-preview:-1\" \/>\n<link rel=\"canonical\" href=\"https:\/\/www.airicom.com\/blog\/formation\/salon-teep-siel\/\" \/>\n<meta name=\"twitter:card\" content=\"summary_large_image\" \/>\n<meta name=\"twitter:title\" content=\"Venez rencontrer RG2i au salon TEEP 2019, \u00e0 Andr\u00e9zieux-Bouth\u00e9on\" \/>\n<meta name=\"twitter:description\" content=\"Venez d\u00e9couvrir nos solutions IOT\/M2M d\u00e9di\u00e9es aux smart city, building et industrie, lors du salon TEEP SIEL \u00e0 Andr\u00e9zieux-Bouth\u00e9on\" \/>\n<meta name=\"twitter:image\" content=\"https:\/\/www.airicom.com\/blog\/wp-content\/uploads\/2018\/01\/event_salon-professionnel-teep-transition-energetique-et-eclairage-public_828904.jpg\" \/>\n<meta name=\"twitter:creator\" content=\"@airicom3\" \/>\n<meta name=\"twitter:site\" content=\"@airicom3\" \/>\n<meta name=\"twitter:label1\" content=\"\u00c9crit par\" \/>\n\t<meta name=\"twitter:data1\" content=\"Bruno DUVAL\" \/>\n<script type=\"application\/ld+json\" class=\"yoast-schema-graph\">{\"@context\":\"https:\/\/schema.org\",\"@graph\":[{\"@type\":\"Article\",\"@id\":\"https:\/\/www.airicom.com\/blog\/formation\/salon-teep-siel\/#article\",\"isPartOf\":{\"@id\":\"https:\/\/www.airicom.com\/blog\/formation\/salon-teep-siel\/\"},\"author\":{\"name\":\"Bruno DUVAL\",\"@id\":\"https:\/\/www.airicom.com\/blog\/#\/schema\/person\/3d7224647f371f8c62fccebc689bffcb\"},\"headline\":\"Salon TEEP \u00e0 Andr\u00e9zieux-Bouth\u00e9on &#8211; 2019\",\"datePublished\":\"2018-01-11T13:25:22+00:00\",\"dateModified\":\"2020-06-16T14:54:28+00:00\",\"mainEntityOfPage\":{\"@id\":\"https:\/\/www.airicom.com\/blog\/formation\/salon-teep-siel\/\"},\"wordCount\":69,\"commentCount\":0,\"publisher\":{\"@id\":\"https:\/\/www.airicom.com\/blog\/#organization\"},\"image\":{\"@id\":\"https:\/\/www.airicom.com\/blog\/formation\/salon-teep-siel\/#primaryimage\"},\"thumbnailUrl\":\"https:\/\/www.airicom.com\/blog\/wp-content\/uploads\/2018\/01\/event_salon-professionnel-teep-transition-energetique-et-eclairage-public_828904.jpg\",\"articleSection\":[\"Formation et salon\"],\"inLanguage\":\"fr-FR\",\"potentialAction\":[{\"@type\":\"CommentAction\",\"name\":\"Comment\",\"target\":[\"https:\/\/www.airicom.com\/blog\/formation\/salon-teep-siel\/#respond\"]}]},{\"@type\":\"WebPage\",\"@id\":\"https:\/\/www.airicom.com\/blog\/formation\/salon-teep-siel\/\",\"url\":\"https:\/\/www.airicom.com\/blog\/formation\/salon-teep-siel\/\",\"name\":\"Venez rencontrer RG2i au salon TEEP 2019, \u00e0 Andr\u00e9zieux-Bouth\u00e9on\",\"isPartOf\":{\"@id\":\"https:\/\/www.airicom.com\/blog\/#website\"},\"primaryImageOfPage\":{\"@id\":\"https:\/\/www.airicom.com\/blog\/formation\/salon-teep-siel\/#primaryimage\"},\"image\":{\"@id\":\"https:\/\/www.airicom.com\/blog\/formation\/salon-teep-siel\/#primaryimage\"},\"thumbnailUrl\":\"https:\/\/www.airicom.com\/blog\/wp-content\/uploads\/2018\/01\/event_salon-professionnel-teep-transition-energetique-et-eclairage-public_828904.jpg\",\"datePublished\":\"2018-01-11T13:25:22+00:00\",\"dateModified\":\"2020-06-16T14:54:28+00:00\",\"description\":\"Venez d\u00e9couvrir nos solutions IOT\/M2M d\u00e9di\u00e9es aux smart city, building et industrie, lors du salon TEEP SIEL \u00e0 Andr\u00e9zieux-Bouth\u00e9on\",\"breadcrumb\":{\"@id\":\"https:\/\/www.airicom.com\/blog\/formation\/salon-teep-siel\/#breadcrumb\"},\"inLanguage\":\"fr-FR\",\"potentialAction\":[{\"@type\":\"ReadAction\",\"target\":[\"https:\/\/www.airicom.com\/blog\/formation\/salon-teep-siel\/\"]}]},{\"@type\":\"ImageObject\",\"inLanguage\":\"fr-FR\",\"@id\":\"https:\/\/www.airicom.com\/blog\/formation\/salon-teep-siel\/#primaryimage\",\"url\":\"https:\/\/www.airicom.com\/blog\/wp-content\/uploads\/2018\/01\/event_salon-professionnel-teep-transition-energetique-et-eclairage-public_828904.jpg\",\"contentUrl\":\"https:\/\/www.airicom.com\/blog\/wp-content\/uploads\/2018\/01\/event_salon-professionnel-teep-transition-energetique-et-eclairage-public_828904.jpg\",\"width\":700,\"height\":333},{\"@type\":\"BreadcrumbList\",\"@id\":\"https:\/\/www.airicom.com\/blog\/formation\/salon-teep-siel\/#breadcrumb\",\"itemListElement\":[{\"@type\":\"ListItem\",\"position\":1,\"name\":\"Accueil\",\"item\":\"https:\/\/www.airicom.com\/blog\/\"},{\"@type\":\"ListItem\",\"position\":2,\"name\":\"Salon TEEP \u00e0 Andr\u00e9zieux-Bouth\u00e9on &#8211; 2019\"}]},{\"@type\":\"WebSite\",\"@id\":\"https:\/\/www.airicom.com\/blog\/#website\",\"url\":\"https:\/\/www.airicom.com\/blog\/\",\"name\":\"Airicom - Expert IoT et M2M depuis plus de 20 ans\",\"description\":\"Airicom - Expert IoT et M2M depuis plus de 20 ans\",\"publisher\":{\"@id\":\"https:\/\/www.airicom.com\/blog\/#organization\"},\"potentialAction\":[{\"@type\":\"SearchAction\",\"target\":{\"@type\":\"EntryPoint\",\"urlTemplate\":\"https:\/\/www.airicom.com\/blog\/?s={search_term_string}\"},\"query-input\":{\"@type\":\"PropertyValueSpecification\",\"valueRequired\":true,\"valueName\":\"search_term_string\"}}],\"inLanguage\":\"fr-FR\"},{\"@type\":\"Organization\",\"@id\":\"https:\/\/www.airicom.com\/blog\/#organization\",\"name\":\"Airicom - Expert IoT et M2M depuis plus de 20 ans\",\"url\":\"https:\/\/www.airicom.com\/blog\/\",\"logo\":{\"@type\":\"ImageObject\",\"inLanguage\":\"fr-FR\",\"@id\":\"https:\/\/www.airicom.com\/blog\/#\/schema\/logo\/image\/\",\"url\":\"https:\/\/airicom.com\/blog\/wp-content\/uploads\/2020\/04\/logo-airicom-2020-200.jpg\",\"contentUrl\":\"https:\/\/airicom.com\/blog\/wp-content\/uploads\/2020\/04\/logo-airicom-2020-200.jpg\",\"width\":200,\"height\":37,\"caption\":\"Airicom - Expert IoT et M2M depuis plus de 20 ans\"},\"image\":{\"@id\":\"https:\/\/www.airicom.com\/blog\/#\/schema\/logo\/image\/\"},\"sameAs\":[\"https:\/\/x.com\/airicom3\",\"https:\/\/www.linkedin.com\/company\/airicom\/\",\"https:\/\/www.youtube.com\/channel\/UCcgCGMQdXFmPMTtJ_4bQQ6A\"]},{\"@type\":\"Person\",\"@id\":\"https:\/\/www.airicom.com\/blog\/#\/schema\/person\/3d7224647f371f8c62fccebc689bffcb\",\"name\":\"Bruno DUVAL\",\"image\":{\"@type\":\"ImageObject\",\"inLanguage\":\"fr-FR\",\"@id\":\"https:\/\/www.airicom.com\/blog\/#\/schema\/person\/image\/\",\"url\":\"https:\/\/secure.gravatar.com\/avatar\/5499267dfca70a0d4c8b2ad32a5eef0d02c107e493abc183035941f470cb2e73?s=96&d=mm&r=g\",\"contentUrl\":\"https:\/\/secure.gravatar.com\/avatar\/5499267dfca70a0d4c8b2ad32a5eef0d02c107e493abc183035941f470cb2e73?s=96&d=mm&r=g\",\"caption\":\"Bruno DUVAL\"},\"sameAs\":[\"http:\/\/www.airicom.capteranalyser.fr\/blog\"],\"url\":\"https:\/\/www.airicom.com\/blog\/author\/bruno-duval44gmail-com\/\"}]}<\/script>\n<!-- \/ Yoast SEO Premium plugin. -->","yoast_head_json":{"title":"Venez rencontrer RG2i au salon TEEP 2019, \u00e0 Andr\u00e9zieux-Bouth\u00e9on","description":"Venez d\u00e9couvrir nos solutions IOT\/M2M d\u00e9di\u00e9es aux smart city, building et industrie, lors du salon TEEP SIEL \u00e0 Andr\u00e9zieux-Bouth\u00e9on","robots":{"index":"index","follow":"follow","max-snippet":"max-snippet:-1","max-image-preview":"max-image-preview:large","max-video-preview":"max-video-preview:-1"},"canonical":"https:\/\/www.airicom.com\/blog\/formation\/salon-teep-siel\/","twitter_card":"summary_large_image","twitter_title":"Venez rencontrer RG2i au salon TEEP 2019, \u00e0 Andr\u00e9zieux-Bouth\u00e9on","twitter_description":"Venez d\u00e9couvrir nos solutions IOT\/M2M d\u00e9di\u00e9es aux smart city, building et industrie, lors du salon TEEP SIEL \u00e0 Andr\u00e9zieux-Bouth\u00e9on","twitter_image":"https:\/\/www.airicom.com\/blog\/wp-content\/uploads\/2018\/01\/event_salon-professionnel-teep-transition-energetique-et-eclairage-public_828904.jpg","twitter_creator":"@airicom3","twitter_site":"@airicom3","twitter_misc":{"\u00c9crit par":"Bruno DUVAL"},"schema":{"@context":"https:\/\/schema.org","@graph":[{"@type":"Article","@id":"https:\/\/www.airicom.com\/blog\/formation\/salon-teep-siel\/#article","isPartOf":{"@id":"https:\/\/www.airicom.com\/blog\/formation\/salon-teep-siel\/"},"author":{"name":"Bruno DUVAL","@id":"https:\/\/www.airicom.com\/blog\/#\/schema\/person\/3d7224647f371f8c62fccebc689bffcb"},"headline":"Salon TEEP \u00e0 Andr\u00e9zieux-Bouth\u00e9on &#8211; 2019","datePublished":"2018-01-11T13:25:22+00:00","dateModified":"2020-06-16T14:54:28+00:00","mainEntityOfPage":{"@id":"https:\/\/www.airicom.com\/blog\/formation\/salon-teep-siel\/"},"wordCount":69,"commentCount":0,"publisher":{"@id":"https:\/\/www.airicom.com\/blog\/#organization"},"image":{"@id":"https:\/\/www.airicom.com\/blog\/formation\/salon-teep-siel\/#primaryimage"},"thumbnailUrl":"https:\/\/www.airicom.com\/blog\/wp-content\/uploads\/2018\/01\/event_salon-professionnel-teep-transition-energetique-et-eclairage-public_828904.jpg","articleSection":["Formation et salon"],"inLanguage":"fr-FR","potentialAction":[{"@type":"CommentAction","name":"Comment","target":["https:\/\/www.airicom.com\/blog\/formation\/salon-teep-siel\/#respond"]}]},{"@type":"WebPage","@id":"https:\/\/www.airicom.com\/blog\/formation\/salon-teep-siel\/","url":"https:\/\/www.airicom.com\/blog\/formation\/salon-teep-siel\/","name":"Venez rencontrer RG2i au salon TEEP 2019, \u00e0 Andr\u00e9zieux-Bouth\u00e9on","isPartOf":{"@id":"https:\/\/www.airicom.com\/blog\/#website"},"primaryImageOfPage":{"@id":"https:\/\/www.airicom.com\/blog\/formation\/salon-teep-siel\/#primaryimage"},"image":{"@id":"https:\/\/www.airicom.com\/blog\/formation\/salon-teep-siel\/#primaryimage"},"thumbnailUrl":"https:\/\/www.airicom.com\/blog\/wp-content\/uploads\/2018\/01\/event_salon-professionnel-teep-transition-energetique-et-eclairage-public_828904.jpg","datePublished":"2018-01-11T13:25:22+00:00","dateModified":"2020-06-16T14:54:28+00:00","description":"Venez d\u00e9couvrir nos solutions IOT\/M2M d\u00e9di\u00e9es aux smart city, building et industrie, lors du salon TEEP SIEL \u00e0 Andr\u00e9zieux-Bouth\u00e9on","breadcrumb":{"@id":"https:\/\/www.airicom.com\/blog\/formation\/salon-teep-siel\/#breadcrumb"},"inLanguage":"fr-FR","potentialAction":[{"@type":"ReadAction","target":["https:\/\/www.airicom.com\/blog\/formation\/salon-teep-siel\/"]}]},{"@type":"ImageObject","inLanguage":"fr-FR","@id":"https:\/\/www.airicom.com\/blog\/formation\/salon-teep-siel\/#primaryimage","url":"https:\/\/www.airicom.com\/blog\/wp-content\/uploads\/2018\/01\/event_salon-professionnel-teep-transition-energetique-et-eclairage-public_828904.jpg","contentUrl":"https:\/\/www.airicom.com\/blog\/wp-content\/uploads\/2018\/01\/event_salon-professionnel-teep-transition-energetique-et-eclairage-public_828904.jpg","width":700,"height":333},{"@type":"BreadcrumbList","@id":"https:\/\/www.airicom.com\/blog\/formation\/salon-teep-siel\/#breadcrumb","itemListElement":[{"@type":"ListItem","position":1,"name":"Accueil","item":"https:\/\/www.airicom.com\/blog\/"},{"@type":"ListItem","position":2,"name":"Salon TEEP \u00e0 Andr\u00e9zieux-Bouth\u00e9on &#8211; 2019"}]},{"@type":"WebSite","@id":"https:\/\/www.airicom.com\/blog\/#website","url":"https:\/\/www.airicom.com\/blog\/","name":"Airicom - Expert IoT et M2M depuis plus de 20 ans","description":"Airicom - Expert IoT et M2M depuis plus de 20 ans","publisher":{"@id":"https:\/\/www.airicom.com\/blog\/#organization"},"potentialAction":[{"@type":"SearchAction","target":{"@type":"EntryPoint","urlTemplate":"https:\/\/www.airicom.com\/blog\/?s={search_term_string}"},"query-input":{"@type":"PropertyValueSpecification","valueRequired":true,"valueName":"search_term_string"}}],"inLanguage":"fr-FR"},{"@type":"Organization","@id":"https:\/\/www.airicom.com\/blog\/#organization","name":"Airicom - Expert IoT et M2M depuis plus de 20 ans","url":"https:\/\/www.airicom.com\/blog\/","logo":{"@type":"ImageObject","inLanguage":"fr-FR","@id":"https:\/\/www.airicom.com\/blog\/#\/schema\/logo\/image\/","url":"https:\/\/airicom.com\/blog\/wp-content\/uploads\/2020\/04\/logo-airicom-2020-200.jpg","contentUrl":"https:\/\/airicom.com\/blog\/wp-content\/uploads\/2020\/04\/logo-airicom-2020-200.jpg","width":200,"height":37,"caption":"Airicom - Expert IoT et M2M depuis plus de 20 ans"},"image":{"@id":"https:\/\/www.airicom.com\/blog\/#\/schema\/logo\/image\/"},"sameAs":["https:\/\/x.com\/airicom3","https:\/\/www.linkedin.com\/company\/airicom\/","https:\/\/www.youtube.com\/channel\/UCcgCGMQdXFmPMTtJ_4bQQ6A"]},{"@type":"Person","@id":"https:\/\/www.airicom.com\/blog\/#\/schema\/person\/3d7224647f371f8c62fccebc689bffcb","name":"Bruno DUVAL","image":{"@type":"ImageObject","inLanguage":"fr-FR","@id":"https:\/\/www.airicom.com\/blog\/#\/schema\/person\/image\/","url":"https:\/\/secure.gravatar.com\/avatar\/5499267dfca70a0d4c8b2ad32a5eef0d02c107e493abc183035941f470cb2e73?s=96&d=mm&r=g","contentUrl":"https:\/\/secure.gravatar.com\/avatar\/5499267dfca70a0d4c8b2ad32a5eef0d02c107e493abc183035941f470cb2e73?s=96&d=mm&r=g","caption":"Bruno DUVAL"},"sameAs":["http:\/\/www.airicom.capteranalyser.fr\/blog"],"url":"https:\/\/www.airicom.com\/blog\/author\/bruno-duval44gmail-com\/"}]}},"_links":{"self":[{"href":"https:\/\/www.airicom.com\/blog\/wp-json\/wp\/v2\/posts\/4772","targetHints":{"allow":["GET"]}}],"collection":[{"href":"https:\/\/www.airicom.com\/blog\/wp-json\/wp\/v2\/posts"}],"about":[{"href":"https:\/\/www.airicom.com\/blog\/wp-json\/wp\/v2\/types\/post"}],"author":[{"embeddable":true,"href":"https:\/\/www.airicom.com\/blog\/wp-json\/wp\/v2\/users\/1"}],"replies":[{"embeddable":true,"href":"https:\/\/www.airicom.com\/blog\/wp-json\/wp\/v2\/comments?post=4772"}],"version-history":[{"count":0,"href":"https:\/\/www.airicom.com\/blog\/wp-json\/wp\/v2\/posts\/4772\/revisions"}],"wp:featuredmedia":[{"embeddable":true,"href":"https:\/\/www.airicom.com\/blog\/wp-json\/wp\/v2\/media\/28892"}],"wp:attachment":[{"href":"https:\/\/www.airicom.com\/blog\/wp-json\/wp\/v2\/media?parent=4772"}],"wp:term":[{"taxonomy":"category","embeddable":true,"href":"https:\/\/www.airicom.com\/blog\/wp-json\/wp\/v2\/categories?post=4772"},{"taxonomy":"post_tag","embeddable":true,"href":"https:\/\/www.airicom.com\/blog\/wp-json\/wp\/v2\/tags?post=4772"}],"curies":[{"name":"wp","href":"https:\/\/api.w.org\/{rel}","templated":true}]}}